{"id":5517,"date":"2026-08-19T08:29:48","date_gmt":"2026-08-19T11:29:48","guid":{"rendered":"https:\/\/blogdoanchietaalves.blog.br\/wp\/?p=5517"},"modified":"2026-08-19T08:29:48","modified_gmt":"2026-08-19T11:29:48","slug":"lula-diz-que-aprovacao-do-fim-da-taxa-das-blusinhas-no-congresso-e-questao-de-justica","status":"publish","type":"post","link":"https:\/\/blogdoanchietaalves.blog.br\/wp\/lula-diz-que-aprovacao-do-fim-da-taxa-das-blusinhas-no-congresso-e-questao-de-justica\/","title":{"rendered":"Lula diz que aprova\u00e7\u00e3o do fim da taxa das blusinhas no Congresso \u00e9 \u2018quest\u00e3o de justi\u00e7a\u2019"},"content":{"rendered":"<div class=\"elementor-element elementor-element-7d2fc729 titulo-post elementor-widget elementor-widget-theme-post-title elementor-page-title elementor-widget-heading\" data-id=\"7d2fc729\" data-element_type=\"widget\" data-widget_type=\"theme-post-title.default\">\n<div class=\"elementor-widget-container\"><\/div>\n<\/div>\n<section class=\"elementor-section elementor-inner-section elementor-element elementor-element-7e25a070 elementor-section-boxed elementor-section-height-default elementor-section-height-default\" data-id=\"7e25a070\" data-element_type=\"section\">\n<div class=\"elementor-container elementor-column-gap-default\">\n<div class=\"elementor-column elementor-col-50 elementor-inner-column elementor-element elementor-element-7653a2cf\" data-id=\"7653a2cf\" data-element_type=\"column\">\n<div class=\"elementor-widget-wrap elementor-element-populated\">\n<div class=\"elementor-element elementor-element-115e6379 elementor-mobile-align-left elementor-widget elementor-widget-post-info\" data-id=\"115e6379\" data-element_type=\"widget\" data-widget_type=\"post-info.default\">\n<div class=\"elementor-widget-container\">\n<p><img loading=\"lazy\" decoding=\"async\" class=\"attachment-full size-full\" src=\"https:\/\/blogdomagno.com.br\/wp-content\/uploads\/2026\/08\/image-48.jpg\" sizes=\"auto, (max-width: 984px) 100vw, 984px\" srcset=\"https:\/\/blogdomagno.com.br\/wp-content\/uploads\/2026\/08\/image-48.jpg 984w, https:\/\/blogdomagno.com.br\/wp-content\/uploads\/2026\/08\/image-48-300x168.jpg 300w, https:\/\/blogdomagno.com.br\/wp-content\/uploads\/2026\/08\/image-48-768x431.jpg 768w\" alt=\"\" width=\"984\" height=\"552\" \/><\/p>\n<\/div>\n<\/div>\n<\/div>\n<\/div>\n<\/div>\n<\/section>\n<div class=\"elementor-element elementor-element-746f5ae4 elementor-widget elementor-widget-theme-post-content\" data-id=\"746f5ae4\" data-element_type=\"widget\" data-widget_type=\"theme-post-content.default\">\n<div class=\"elementor-widget-container\">\n<div id=\"ub-expand-b3eec64a-c82d-43ed-9beb-76ebf3fe44c3\" class=\"wp-block-ub-expand ub-expand\" data-scroll-type=\"false\" data-scroll-amount=\"\" data-scroll-target=\"\">\n<div id=\"ub-expand-partial-6b27e9be-adcf-44bf-8cbe-ec42ff334a62\" class=\"ub-expand-portion ub-expand-partial wp-block-ub-expand-portion\" aria-hidden=\"false\">\n<p>O presidente Luiz In\u00e1cio Lula da Silva (PT) divulgou nesta ter\u00e7a-feira (18) um v\u00eddeo em que faz um apelo ao Congresso Nacional para que aprove a medida provis\u00f3ria (MP) que acaba com o imposto de importa\u00e7\u00e3o de 20% sobre compras internacionais de at\u00e9 US$ 50, a chamada taxa das blusinhas.<\/p>\n<p>Em um v\u00eddeo divulgado pela campanha do petista \u00e0 reelei\u00e7\u00e3o, Lula afirma que est\u00e1 muito \u201cotimista com a aprova\u00e7\u00e3o da MP\u201d e que se trata de \u201cuma quest\u00e3o de justi\u00e7a\u201d. As informa\u00e7\u00f5es s\u00e3o do g1.<\/p>\n<p>\u201cEu estou convencido que o presidente do Senado, Alcolumbre, e o presidente da C\u00e2mara, Hugo Motta, v\u00e3o votar e a gente vai aprovar o fim da taxa\u00e7\u00e3o das blusinhas porque \u00e9 uma quest\u00e3o de justi\u00e7a\u201d.<\/p>\n<\/div>\n<\/div>\n<\/div>\n<\/div>\n","protected":false},"excerpt":{"rendered":"<p>O presidente Luiz In\u00e1cio Lula da Silva (PT) divulgou nesta ter\u00e7a-feira (18) um v\u00eddeo em que faz um apelo ao Congresso Nacional para que aprove a medida provis\u00f3ria (MP) que acaba com o imposto de importa\u00e7\u00e3o de 20% sobre compras internacionais de at\u00e9 US$ 50, a chamada taxa das blusinhas. Em um v\u00eddeo divulgado pela &#8230; <a title=\"Lula diz que aprova\u00e7\u00e3o do fim da taxa das blusinhas no Congresso \u00e9 \u2018quest\u00e3o de justi\u00e7a\u2019\" class=\"read-more\" href=\"https:\/\/blogdoanchietaalves.blog.br\/wp\/lula-diz-que-aprovacao-do-fim-da-taxa-das-blusinhas-no-congresso-e-questao-de-justica\/\" aria-label=\"Read more about Lula diz que aprova\u00e7\u00e3o do fim da taxa das blusinhas no Congresso \u00e9 \u2018quest\u00e3o de justi\u00e7a\u2019\">Ler mais<\/a><\/p>\n","protected":false},"author":2,"featured_media":0,"comment_status":"open","ping_status":"open","sticky":false,"template":"","format":"standard","meta":{"footnotes":""},"categories":[1],"tags":[],"class_list":["post-5517","post","type-post","status-publish","format-standard","hentry","category-sem-categoria"],"yoast_head":"<!-- This site is optimized with the Yoast SEO plugin v28.4 - https:\/\/yoast.com\/product\/yoast-seo-wordpress\/ -->\n<title>Lula diz que aprova\u00e7\u00e3o do fim da taxa das blusinhas no Congresso \u00e9 \u2018quest\u00e3o de justi\u00e7a\u2019 - Blog do Anchieta Alves<\/title>\n<meta name=\"robots\" content=\"index, follow, max-snippet:-1, max-image-preview:large, max-video-preview:-1\" \/>\n<link rel=\"canonical\" href=\"https:\/\/blogdoanchietaalves.blog.br\/wp\/lula-diz-que-aprovacao-do-fim-da-taxa-das-blusinhas-no-congresso-e-questao-de-justica\/\" \/>\n<meta property=\"og:locale\" content=\"pt_BR\" \/>\n<meta property=\"og:type\" content=\"article\" \/>\n<meta property=\"og:title\" content=\"Lula diz que aprova\u00e7\u00e3o do fim da taxa das blusinhas no Congresso \u00e9 \u2018quest\u00e3o de justi\u00e7a\u2019 - Blog do Anchieta Alves\" \/>\n<meta property=\"og:description\" content=\"O presidente Luiz In\u00e1cio Lula da Silva (PT) divulgou nesta ter\u00e7a-feira (18) um v\u00eddeo em que faz um apelo ao Congresso Nacional para que aprove a medida provis\u00f3ria (MP) que acaba com o imposto de importa\u00e7\u00e3o de 20% sobre compras internacionais de at\u00e9 US$ 50, a chamada taxa das blusinhas. Em um v\u00eddeo divulgado pela ... Ler mais\" \/>\n<meta property=\"og:url\" content=\"https:\/\/blogdoanchietaalves.blog.br\/wp\/lula-diz-que-aprovacao-do-fim-da-taxa-das-blusinhas-no-congresso-e-questao-de-justica\/\" \/>\n<meta property=\"og:site_name\" content=\"Blog do Anchieta Alves\" \/>\n<meta property=\"article:published_time\" content=\"2026-08-19T11:29:48+00:00\" \/>\n<meta property=\"og:image\" content=\"https:\/\/blogdomagno.com.br\/wp-content\/uploads\/2026\/08\/image-48.jpg\" \/>\n<meta name=\"author\" content=\"Anchieta Alves\" \/>\n<meta name=\"twitter:card\" content=\"summary_large_image\" \/>\n<meta name=\"twitter:label1\" content=\"Escrito por\" \/>\n\t<meta name=\"twitter:data1\" content=\"Anchieta Alves\" \/>\n\t<meta name=\"twitter:label2\" content=\"Est. tempo de leitura\" \/>\n\t<meta name=\"twitter:data2\" content=\"1 minuto\" \/>\n<script type=\"application\/ld+json\" class=\"yoast-schema-graph\">{\"@context\":\"https:\\\/\\\/schema.org\",\"@graph\":[{\"@type\":\"Article\",\"@id\":\"https:\\\/\\\/blogdoanchietaalves.blog.br\\\/wp\\\/lula-diz-que-aprovacao-do-fim-da-taxa-das-blusinhas-no-congresso-e-questao-de-justica\\\/#article\",\"isPartOf\":{\"@id\":\"https:\\\/\\\/blogdoanchietaalves.blog.br\\\/wp\\\/lula-diz-que-aprovacao-do-fim-da-taxa-das-blusinhas-no-congresso-e-questao-de-justica\\\/\"},\"author\":{\"name\":\"Anchieta Alves\",\"@id\":\"https:\\\/\\\/blogdoanchietaalves.blog.br\\\/wp\\\/#\\\/schema\\\/person\\\/f33cc191c52a0435a7015f7f37ea0dcb\"},\"headline\":\"Lula diz que aprova\u00e7\u00e3o do fim da taxa das blusinhas no Congresso \u00e9 \u2018quest\u00e3o de justi\u00e7a\u2019\",\"datePublished\":\"2026-08-19T11:29:48+00:00\",\"mainEntityOfPage\":{\"@id\":\"https:\\\/\\\/blogdoanchietaalves.blog.br\\\/wp\\\/lula-diz-que-aprovacao-do-fim-da-taxa-das-blusinhas-no-congresso-e-questao-de-justica\\\/\"},\"wordCount\":150,\"commentCount\":0,\"image\":{\"@id\":\"https:\\\/\\\/blogdoanchietaalves.blog.br\\\/wp\\\/lula-diz-que-aprovacao-do-fim-da-taxa-das-blusinhas-no-congresso-e-questao-de-justica\\\/#primaryimage\"},\"thumbnailUrl\":\"https:\\\/\\\/blogdomagno.com.br\\\/wp-content\\\/uploads\\\/2026\\\/08\\\/image-48.jpg\",\"inLanguage\":\"pt-BR\",\"potentialAction\":[{\"@type\":\"CommentAction\",\"name\":\"Comment\",\"target\":[\"https:\\\/\\\/blogdoanchietaalves.blog.br\\\/wp\\\/lula-diz-que-aprovacao-do-fim-da-taxa-das-blusinhas-no-congresso-e-questao-de-justica\\\/#respond\"]}]},{\"@type\":\"WebPage\",\"@id\":\"https:\\\/\\\/blogdoanchietaalves.blog.br\\\/wp\\\/lula-diz-que-aprovacao-do-fim-da-taxa-das-blusinhas-no-congresso-e-questao-de-justica\\\/\",\"url\":\"https:\\\/\\\/blogdoanchietaalves.blog.br\\\/wp\\\/lula-diz-que-aprovacao-do-fim-da-taxa-das-blusinhas-no-congresso-e-questao-de-justica\\\/\",\"name\":\"Lula diz que aprova\u00e7\u00e3o do fim da taxa das blusinhas no Congresso \u00e9 \u2018quest\u00e3o de justi\u00e7a\u2019 - Blog do Anchieta Alves\",\"isPartOf\":{\"@id\":\"https:\\\/\\\/blogdoanchietaalves.blog.br\\\/wp\\\/#website\"},\"primaryImageOfPage\":{\"@id\":\"https:\\\/\\\/blogdoanchietaalves.blog.br\\\/wp\\\/lula-diz-que-aprovacao-do-fim-da-taxa-das-blusinhas-no-congresso-e-questao-de-justica\\\/#primaryimage\"},\"image\":{\"@id\":\"https:\\\/\\\/blogdoanchietaalves.blog.br\\\/wp\\\/lula-diz-que-aprovacao-do-fim-da-taxa-das-blusinhas-no-congresso-e-questao-de-justica\\\/#primaryimage\"},\"thumbnailUrl\":\"https:\\\/\\\/blogdomagno.com.br\\\/wp-content\\\/uploads\\\/2026\\\/08\\\/image-48.jpg\",\"datePublished\":\"2026-08-19T11:29:48+00:00\",\"author\":{\"@id\":\"https:\\\/\\\/blogdoanchietaalves.blog.br\\\/wp\\\/#\\\/schema\\\/person\\\/f33cc191c52a0435a7015f7f37ea0dcb\"},\"breadcrumb\":{\"@id\":\"https:\\\/\\\/blogdoanchietaalves.blog.br\\\/wp\\\/lula-diz-que-aprovacao-do-fim-da-taxa-das-blusinhas-no-congresso-e-questao-de-justica\\\/#breadcrumb\"},\"inLanguage\":\"pt-BR\",\"potentialAction\":[{\"@type\":\"ReadAction\",\"target\":[\"https:\\\/\\\/blogdoanchietaalves.blog.br\\\/wp\\\/lula-diz-que-aprovacao-do-fim-da-taxa-das-blusinhas-no-congresso-e-questao-de-justica\\\/\"]}]},{\"@type\":\"ImageObject\",\"inLanguage\":\"pt-BR\",\"@id\":\"https:\\\/\\\/blogdoanchietaalves.blog.br\\\/wp\\\/lula-diz-que-aprovacao-do-fim-da-taxa-das-blusinhas-no-congresso-e-questao-de-justica\\\/#primaryimage\",\"url\":\"https:\\\/\\\/blogdomagno.com.br\\\/wp-content\\\/uploads\\\/2026\\\/08\\\/image-48.jpg\",\"contentUrl\":\"https:\\\/\\\/blogdomagno.com.br\\\/wp-content\\\/uploads\\\/2026\\\/08\\\/image-48.jpg\"},{\"@type\":\"BreadcrumbList\",\"@id\":\"https:\\\/\\\/blogdoanchietaalves.blog.br\\\/wp\\\/lula-diz-que-aprovacao-do-fim-da-taxa-das-blusinhas-no-congresso-e-questao-de-justica\\\/#breadcrumb\",\"itemListElement\":[{\"@type\":\"ListItem\",\"position\":1,\"name\":\"In\u00edcio\",\"item\":\"https:\\\/\\\/blogdoanchietaalves.blog.br\\\/wp\\\/\"},{\"@type\":\"ListItem\",\"position\":2,\"name\":\"Lula diz que aprova\u00e7\u00e3o do fim da taxa das blusinhas no Congresso \u00e9 \u2018quest\u00e3o de justi\u00e7a\u2019\"}]},{\"@type\":\"WebSite\",\"@id\":\"https:\\\/\\\/blogdoanchietaalves.blog.br\\\/wp\\\/#website\",\"url\":\"https:\\\/\\\/blogdoanchietaalves.blog.br\\\/wp\\\/\",\"name\":\"Blog do Anchieta Alves\",\"description\":\"As not\u00edcias que podem mudar sua vida!\",\"potentialAction\":[{\"@type\":\"SearchAction\",\"target\":{\"@type\":\"EntryPoint\",\"urlTemplate\":\"https:\\\/\\\/blogdoanchietaalves.blog.br\\\/wp\\\/?s={search_term_string}\"},\"query-input\":{\"@type\":\"PropertyValueSpecification\",\"valueRequired\":true,\"valueName\":\"search_term_string\"}}],\"inLanguage\":\"pt-BR\"},{\"@type\":\"Person\",\"@id\":\"https:\\\/\\\/blogdoanchietaalves.blog.br\\\/wp\\\/#\\\/schema\\\/person\\\/f33cc191c52a0435a7015f7f37ea0dcb\",\"name\":\"Anchieta Alves\",\"image\":{\"@type\":\"ImageObject\",\"inLanguage\":\"pt-BR\",\"@id\":\"https:\\\/\\\/secure.gravatar.com\\\/avatar\\\/c48ad92202ed1c12985ebb9f2fe0c8cf6d873a4bd054b7797f187d20da85e011?s=96&d=mm&r=g\",\"url\":\"https:\\\/\\\/secure.gravatar.com\\\/avatar\\\/c48ad92202ed1c12985ebb9f2fe0c8cf6d873a4bd054b7797f187d20da85e011?s=96&d=mm&r=g\",\"contentUrl\":\"https:\\\/\\\/secure.gravatar.com\\\/avatar\\\/c48ad92202ed1c12985ebb9f2fe0c8cf6d873a4bd054b7797f187d20da85e011?s=96&d=mm&r=g\",\"caption\":\"Anchieta Alves\"},\"sameAs\":[\"http:\\\/\\\/blogdoanchietaalves.blog.br\"],\"url\":\"https:\\\/\\\/blogdoanchietaalves.blog.br\\\/wp\\\/author\\\/anchieta\\\/\"}]}<\/script>\n<!-- \/ Yoast SEO plugin. -->","yoast_head_json":{"title":"Lula diz que aprova\u00e7\u00e3o do fim da taxa das blusinhas no Congresso \u00e9 \u2018quest\u00e3o de justi\u00e7a\u2019 - Blog do Anchieta Alves","robots":{"index":"index","follow":"follow","max-snippet":"max-snippet:-1","max-image-preview":"max-image-preview:large","max-video-preview":"max-video-preview:-1"},"canonical":"https:\/\/blogdoanchietaalves.blog.br\/wp\/lula-diz-que-aprovacao-do-fim-da-taxa-das-blusinhas-no-congresso-e-questao-de-justica\/","og_locale":"pt_BR","og_type":"article","og_title":"Lula diz que aprova\u00e7\u00e3o do fim da taxa das blusinhas no Congresso \u00e9 \u2018quest\u00e3o de justi\u00e7a\u2019 - Blog do Anchieta Alves","og_description":"O presidente Luiz In\u00e1cio Lula da Silva (PT) divulgou nesta ter\u00e7a-feira (18) um v\u00eddeo em que faz um apelo ao Congresso Nacional para que aprove a medida provis\u00f3ria (MP) que acaba com o imposto de importa\u00e7\u00e3o de 20% sobre compras internacionais de at\u00e9 US$ 50, a chamada taxa das blusinhas. Em um v\u00eddeo divulgado pela ... Ler mais","og_url":"https:\/\/blogdoanchietaalves.blog.br\/wp\/lula-diz-que-aprovacao-do-fim-da-taxa-das-blusinhas-no-congresso-e-questao-de-justica\/","og_site_name":"Blog do Anchieta Alves","article_published_time":"2026-08-19T11:29:48+00:00","og_image":[{"url":"https:\/\/blogdomagno.com.br\/wp-content\/uploads\/2026\/08\/image-48.jpg","type":"","width":"","height":""}],"author":"Anchieta Alves","twitter_card":"summary_large_image","twitter_misc":{"Escrito por":"Anchieta Alves","Est. tempo de leitura":"1 minuto"},"schema":{"@context":"https:\/\/schema.org","@graph":[{"@type":"Article","@id":"https:\/\/blogdoanchietaalves.blog.br\/wp\/lula-diz-que-aprovacao-do-fim-da-taxa-das-blusinhas-no-congresso-e-questao-de-justica\/#article","isPartOf":{"@id":"https:\/\/blogdoanchietaalves.blog.br\/wp\/lula-diz-que-aprovacao-do-fim-da-taxa-das-blusinhas-no-congresso-e-questao-de-justica\/"},"author":{"name":"Anchieta Alves","@id":"https:\/\/blogdoanchietaalves.blog.br\/wp\/#\/schema\/person\/f33cc191c52a0435a7015f7f37ea0dcb"},"headline":"Lula diz que aprova\u00e7\u00e3o do fim da taxa das blusinhas no Congresso \u00e9 \u2018quest\u00e3o de justi\u00e7a\u2019","datePublished":"2026-08-19T11:29:48+00:00","mainEntityOfPage":{"@id":"https:\/\/blogdoanchietaalves.blog.br\/wp\/lula-diz-que-aprovacao-do-fim-da-taxa-das-blusinhas-no-congresso-e-questao-de-justica\/"},"wordCount":150,"commentCount":0,"image":{"@id":"https:\/\/blogdoanchietaalves.blog.br\/wp\/lula-diz-que-aprovacao-do-fim-da-taxa-das-blusinhas-no-congresso-e-questao-de-justica\/#primaryimage"},"thumbnailUrl":"https:\/\/blogdomagno.com.br\/wp-content\/uploads\/2026\/08\/image-48.jpg","inLanguage":"pt-BR","potentialAction":[{"@type":"CommentAction","name":"Comment","target":["https:\/\/blogdoanchietaalves.blog.br\/wp\/lula-diz-que-aprovacao-do-fim-da-taxa-das-blusinhas-no-congresso-e-questao-de-justica\/#respond"]}]},{"@type":"WebPage","@id":"https:\/\/blogdoanchietaalves.blog.br\/wp\/lula-diz-que-aprovacao-do-fim-da-taxa-das-blusinhas-no-congresso-e-questao-de-justica\/","url":"https:\/\/blogdoanchietaalves.blog.br\/wp\/lula-diz-que-aprovacao-do-fim-da-taxa-das-blusinhas-no-congresso-e-questao-de-justica\/","name":"Lula diz que aprova\u00e7\u00e3o do fim da taxa das blusinhas no Congresso \u00e9 \u2018quest\u00e3o de justi\u00e7a\u2019 - Blog do Anchieta Alves","isPartOf":{"@id":"https:\/\/blogdoanchietaalves.blog.br\/wp\/#website"},"primaryImageOfPage":{"@id":"https:\/\/blogdoanchietaalves.blog.br\/wp\/lula-diz-que-aprovacao-do-fim-da-taxa-das-blusinhas-no-congresso-e-questao-de-justica\/#primaryimage"},"image":{"@id":"https:\/\/blogdoanchietaalves.blog.br\/wp\/lula-diz-que-aprovacao-do-fim-da-taxa-das-blusinhas-no-congresso-e-questao-de-justica\/#primaryimage"},"thumbnailUrl":"https:\/\/blogdomagno.com.br\/wp-content\/uploads\/2026\/08\/image-48.jpg","datePublished":"2026-08-19T11:29:48+00:00","author":{"@id":"https:\/\/blogdoanchietaalves.blog.br\/wp\/#\/schema\/person\/f33cc191c52a0435a7015f7f37ea0dcb"},"breadcrumb":{"@id":"https:\/\/blogdoanchietaalves.blog.br\/wp\/lula-diz-que-aprovacao-do-fim-da-taxa-das-blusinhas-no-congresso-e-questao-de-justica\/#breadcrumb"},"inLanguage":"pt-BR","potentialAction":[{"@type":"ReadAction","target":["https:\/\/blogdoanchietaalves.blog.br\/wp\/lula-diz-que-aprovacao-do-fim-da-taxa-das-blusinhas-no-congresso-e-questao-de-justica\/"]}]},{"@type":"ImageObject","inLanguage":"pt-BR","@id":"https:\/\/blogdoanchietaalves.blog.br\/wp\/lula-diz-que-aprovacao-do-fim-da-taxa-das-blusinhas-no-congresso-e-questao-de-justica\/#primaryimage","url":"https:\/\/blogdomagno.com.br\/wp-content\/uploads\/2026\/08\/image-48.jpg","contentUrl":"https:\/\/blogdomagno.com.br\/wp-content\/uploads\/2026\/08\/image-48.jpg"},{"@type":"BreadcrumbList","@id":"https:\/\/blogdoanchietaalves.blog.br\/wp\/lula-diz-que-aprovacao-do-fim-da-taxa-das-blusinhas-no-congresso-e-questao-de-justica\/#breadcrumb","itemListElement":[{"@type":"ListItem","position":1,"name":"In\u00edcio","item":"https:\/\/blogdoanchietaalves.blog.br\/wp\/"},{"@type":"ListItem","position":2,"name":"Lula diz que aprova\u00e7\u00e3o do fim da taxa das blusinhas no Congresso \u00e9 \u2018quest\u00e3o de justi\u00e7a\u2019"}]},{"@type":"WebSite","@id":"https:\/\/blogdoanchietaalves.blog.br\/wp\/#website","url":"https:\/\/blogdoanchietaalves.blog.br\/wp\/","name":"Blog do Anchieta Alves","description":"As not\u00edcias que podem mudar sua vida!","potentialAction":[{"@type":"SearchAction","target":{"@type":"EntryPoint","urlTemplate":"https:\/\/blogdoanchietaalves.blog.br\/wp\/?s={search_term_string}"},"query-input":{"@type":"PropertyValueSpecification","valueRequired":true,"valueName":"search_term_string"}}],"inLanguage":"pt-BR"},{"@type":"Person","@id":"https:\/\/blogdoanchietaalves.blog.br\/wp\/#\/schema\/person\/f33cc191c52a0435a7015f7f37ea0dcb","name":"Anchieta Alves","image":{"@type":"ImageObject","inLanguage":"pt-BR","@id":"https:\/\/secure.gravatar.com\/avatar\/c48ad92202ed1c12985ebb9f2fe0c8cf6d873a4bd054b7797f187d20da85e011?s=96&d=mm&r=g","url":"https:\/\/secure.gravatar.com\/avatar\/c48ad92202ed1c12985ebb9f2fe0c8cf6d873a4bd054b7797f187d20da85e011?s=96&d=mm&r=g","contentUrl":"https:\/\/secure.gravatar.com\/avatar\/c48ad92202ed1c12985ebb9f2fe0c8cf6d873a4bd054b7797f187d20da85e011?s=96&d=mm&r=g","caption":"Anchieta Alves"},"sameAs":["http:\/\/blogdoanchietaalves.blog.br"],"url":"https:\/\/blogdoanchietaalves.blog.br\/wp\/author\/anchieta\/"}]}},"_links":{"self":[{"href":"https:\/\/blogdoanchietaalves.blog.br\/wp\/wp-json\/wp\/v2\/posts\/5517","targetHints":{"allow":["GET"]}}],"collection":[{"href":"https:\/\/blogdoanchietaalves.blog.br\/wp\/wp-json\/wp\/v2\/posts"}],"about":[{"href":"https:\/\/blogdoanchietaalves.blog.br\/wp\/wp-json\/wp\/v2\/types\/post"}],"author":[{"embeddable":true,"href":"https:\/\/blogdoanchietaalves.blog.br\/wp\/wp-json\/wp\/v2\/users\/2"}],"replies":[{"embeddable":true,"href":"https:\/\/blogdoanchietaalves.blog.br\/wp\/wp-json\/wp\/v2\/comments?post=5517"}],"version-history":[{"count":1,"href":"https:\/\/blogdoanchietaalves.blog.br\/wp\/wp-json\/wp\/v2\/posts\/5517\/revisions"}],"predecessor-version":[{"id":5518,"href":"https:\/\/blogdoanchietaalves.blog.br\/wp\/wp-json\/wp\/v2\/posts\/5517\/revisions\/5518"}],"wp:attachment":[{"href":"https:\/\/blogdoanchietaalves.blog.br\/wp\/wp-json\/wp\/v2\/media?parent=5517"}],"wp:term":[{"taxonomy":"category","embeddable":true,"href":"https:\/\/blogdoanchietaalves.blog.br\/wp\/wp-json\/wp\/v2\/categories?post=5517"},{"taxonomy":"post_tag","embeddable":true,"href":"https:\/\/blogdoanchietaalves.blog.br\/wp\/wp-json\/wp\/v2\/tags?post=5517"}],"curies":[{"name":"wp","href":"https:\/\/api.w.org\/{rel}","templated":true}]}}