{"id":5496,"date":"2026-07-30T08:57:31","date_gmt":"2026-07-30T11:57:31","guid":{"rendered":"https:\/\/blogdoanchietaalves.blog.br\/wp\/?p=5496"},"modified":"2026-07-30T08:57:31","modified_gmt":"2026-07-30T11:57:31","slug":"joao-paulo-que-pulou-de-um-onibus-a-caminho-de-pernambuco-e-encontrado-morto-da-ba","status":"publish","type":"post","link":"https:\/\/blogdoanchietaalves.blog.br\/wp\/joao-paulo-que-pulou-de-um-onibus-a-caminho-de-pernambuco-e-encontrado-morto-da-ba\/","title":{"rendered":"Jo\u00e3o Paulo, que pulou de um \u00f4nibus a caminho de Pernambuco, \u00e9 encontrado morto da BA"},"content":{"rendered":"<div class=\"col-12 mb-3\"><\/div>\n<div class=\"col-md-12 \">\n<div id=\"excerpt-331513\" class=\"post-excerpt\">\n<div class=\"chamada text-center mb-3\"><img loading=\"lazy\" decoding=\"async\" class=\"attachment-noticia-card size-noticia-card wp-post-image\" src=\"https:\/\/i0.wp.com\/nilljunior.com.br\/wp-content\/uploads\/2026\/07\/Screenshot_20260729_084541_WhatsAppBusiness2-1.jpg?resize=492%2C370&amp;ssl=1\" sizes=\"auto, (max-width: 492px) 100vw, 492px\" srcset=\"https:\/\/i0.wp.com\/nilljunior.com.br\/wp-content\/uploads\/2026\/07\/Screenshot_20260729_084541_WhatsAppBusiness2-1.jpg?resize=492%2C370&amp;ssl=1 492w, https:\/\/i0.wp.com\/nilljunior.com.br\/wp-content\/uploads\/2026\/07\/Screenshot_20260729_084541_WhatsAppBusiness2-1.jpg?zoom=2&amp;resize=492%2C370&amp;ssl=1 984w\" alt=\"\" width=\"492\" height=\"370\" \/><\/div>\n<p>O corpo de Jo\u00e3o Paulo Ferreira de Lima, de 34 anos, foi encontrado hoje na regi\u00e3o da Serra da Mangabeira, Bahia, onde desapareceu a oito dias. As buscas foram intensificadas a partir de pegadas dele encontradas. Ele viajava de \u00f4nibus de S\u00e3o Paulo com destino a Salgueiro (PE) quando, ao passar pela Serra da Mangabeira<\/p>\n<\/div>\n<\/div>\n","protected":false},"excerpt":{"rendered":"<p>O corpo de Jo\u00e3o Paulo Ferreira de Lima, de 34 anos, foi encontrado hoje na regi\u00e3o da Serra da Mangabeira, Bahia, onde desapareceu a oito dias. As buscas foram intensificadas a partir de pegadas dele encontradas. Ele viajava de \u00f4nibus de S\u00e3o Paulo com destino a Salgueiro (PE) quando, ao passar pela Serra da Mangabeira<\/p>\n","protected":false},"author":2,"featured_media":0,"comment_status":"open","ping_status":"open","sticky":false,"template":"","format":"standard","meta":{"footnotes":""},"categories":[1],"tags":[],"class_list":["post-5496","post","type-post","status-publish","format-standard","hentry","category-sem-categoria"],"yoast_head":"<!-- This site is optimized with the Yoast SEO plugin v28.4 - https:\/\/yoast.com\/product\/yoast-seo-wordpress\/ -->\n<title>Jo\u00e3o Paulo, que pulou de um \u00f4nibus a caminho de Pernambuco, \u00e9 encontrado morto da BA - Blog do Anchieta Alves<\/title>\n<meta name=\"robots\" content=\"index, follow, max-snippet:-1, max-image-preview:large, max-video-preview:-1\" \/>\n<link rel=\"canonical\" href=\"https:\/\/blogdoanchietaalves.blog.br\/wp\/joao-paulo-que-pulou-de-um-onibus-a-caminho-de-pernambuco-e-encontrado-morto-da-ba\/\" \/>\n<meta property=\"og:locale\" content=\"pt_BR\" \/>\n<meta property=\"og:type\" content=\"article\" \/>\n<meta property=\"og:title\" content=\"Jo\u00e3o Paulo, que pulou de um \u00f4nibus a caminho de Pernambuco, \u00e9 encontrado morto da BA - Blog do Anchieta Alves\" \/>\n<meta property=\"og:description\" content=\"O corpo de Jo\u00e3o Paulo Ferreira de Lima, de 34 anos, foi encontrado hoje na regi\u00e3o da Serra da Mangabeira, Bahia, onde desapareceu a oito dias. As buscas foram intensificadas a partir de pegadas dele encontradas. Ele viajava de \u00f4nibus de S\u00e3o Paulo com destino a Salgueiro (PE) quando, ao passar pela Serra da Mangabeira\" \/>\n<meta property=\"og:url\" content=\"https:\/\/blogdoanchietaalves.blog.br\/wp\/joao-paulo-que-pulou-de-um-onibus-a-caminho-de-pernambuco-e-encontrado-morto-da-ba\/\" \/>\n<meta property=\"og:site_name\" content=\"Blog do Anchieta Alves\" \/>\n<meta property=\"article:published_time\" content=\"2026-07-30T11:57:31+00:00\" \/>\n<meta property=\"og:image\" content=\"https:\/\/i0.wp.com\/nilljunior.com.br\/wp-content\/uploads\/2026\/07\/Screenshot_20260729_084541_WhatsAppBusiness2-1.jpg?resize=492%2C370&amp;ssl=1\" \/>\n<meta name=\"author\" content=\"Anchieta Alves\" \/>\n<meta name=\"twitter:card\" content=\"summary_large_image\" \/>\n<meta name=\"twitter:label1\" content=\"Escrito por\" \/>\n\t<meta name=\"twitter:data1\" content=\"Anchieta Alves\" \/>\n\t<meta name=\"twitter:label2\" content=\"Est. tempo de leitura\" \/>\n\t<meta name=\"twitter:data2\" content=\"1 minuto\" \/>\n<script type=\"application\/ld+json\" class=\"yoast-schema-graph\">{\"@context\":\"https:\\\/\\\/schema.org\",\"@graph\":[{\"@type\":\"Article\",\"@id\":\"https:\\\/\\\/blogdoanchietaalves.blog.br\\\/wp\\\/joao-paulo-que-pulou-de-um-onibus-a-caminho-de-pernambuco-e-encontrado-morto-da-ba\\\/#article\",\"isPartOf\":{\"@id\":\"https:\\\/\\\/blogdoanchietaalves.blog.br\\\/wp\\\/joao-paulo-que-pulou-de-um-onibus-a-caminho-de-pernambuco-e-encontrado-morto-da-ba\\\/\"},\"author\":{\"name\":\"Anchieta Alves\",\"@id\":\"https:\\\/\\\/blogdoanchietaalves.blog.br\\\/wp\\\/#\\\/schema\\\/person\\\/f33cc191c52a0435a7015f7f37ea0dcb\"},\"headline\":\"Jo\u00e3o Paulo, que pulou de um \u00f4nibus a caminho de Pernambuco, \u00e9 encontrado morto da BA\",\"datePublished\":\"2026-07-30T11:57:31+00:00\",\"mainEntityOfPage\":{\"@id\":\"https:\\\/\\\/blogdoanchietaalves.blog.br\\\/wp\\\/joao-paulo-que-pulou-de-um-onibus-a-caminho-de-pernambuco-e-encontrado-morto-da-ba\\\/\"},\"wordCount\":73,\"commentCount\":0,\"image\":{\"@id\":\"https:\\\/\\\/blogdoanchietaalves.blog.br\\\/wp\\\/joao-paulo-que-pulou-de-um-onibus-a-caminho-de-pernambuco-e-encontrado-morto-da-ba\\\/#primaryimage\"},\"thumbnailUrl\":\"https:\\\/\\\/i0.wp.com\\\/nilljunior.com.br\\\/wp-content\\\/uploads\\\/2026\\\/07\\\/Screenshot_20260729_084541_WhatsAppBusiness2-1.jpg?resize=492%2C370&amp;ssl=1\",\"inLanguage\":\"pt-BR\",\"potentialAction\":[{\"@type\":\"CommentAction\",\"name\":\"Comment\",\"target\":[\"https:\\\/\\\/blogdoanchietaalves.blog.br\\\/wp\\\/joao-paulo-que-pulou-de-um-onibus-a-caminho-de-pernambuco-e-encontrado-morto-da-ba\\\/#respond\"]}]},{\"@type\":\"WebPage\",\"@id\":\"https:\\\/\\\/blogdoanchietaalves.blog.br\\\/wp\\\/joao-paulo-que-pulou-de-um-onibus-a-caminho-de-pernambuco-e-encontrado-morto-da-ba\\\/\",\"url\":\"https:\\\/\\\/blogdoanchietaalves.blog.br\\\/wp\\\/joao-paulo-que-pulou-de-um-onibus-a-caminho-de-pernambuco-e-encontrado-morto-da-ba\\\/\",\"name\":\"Jo\u00e3o Paulo, que pulou de um \u00f4nibus a caminho de Pernambuco, \u00e9 encontrado morto da BA - Blog do Anchieta Alves\",\"isPartOf\":{\"@id\":\"https:\\\/\\\/blogdoanchietaalves.blog.br\\\/wp\\\/#website\"},\"primaryImageOfPage\":{\"@id\":\"https:\\\/\\\/blogdoanchietaalves.blog.br\\\/wp\\\/joao-paulo-que-pulou-de-um-onibus-a-caminho-de-pernambuco-e-encontrado-morto-da-ba\\\/#primaryimage\"},\"image\":{\"@id\":\"https:\\\/\\\/blogdoanchietaalves.blog.br\\\/wp\\\/joao-paulo-que-pulou-de-um-onibus-a-caminho-de-pernambuco-e-encontrado-morto-da-ba\\\/#primaryimage\"},\"thumbnailUrl\":\"https:\\\/\\\/i0.wp.com\\\/nilljunior.com.br\\\/wp-content\\\/uploads\\\/2026\\\/07\\\/Screenshot_20260729_084541_WhatsAppBusiness2-1.jpg?resize=492%2C370&amp;ssl=1\",\"datePublished\":\"2026-07-30T11:57:31+00:00\",\"author\":{\"@id\":\"https:\\\/\\\/blogdoanchietaalves.blog.br\\\/wp\\\/#\\\/schema\\\/person\\\/f33cc191c52a0435a7015f7f37ea0dcb\"},\"breadcrumb\":{\"@id\":\"https:\\\/\\\/blogdoanchietaalves.blog.br\\\/wp\\\/joao-paulo-que-pulou-de-um-onibus-a-caminho-de-pernambuco-e-encontrado-morto-da-ba\\\/#breadcrumb\"},\"inLanguage\":\"pt-BR\",\"potentialAction\":[{\"@type\":\"ReadAction\",\"target\":[\"https:\\\/\\\/blogdoanchietaalves.blog.br\\\/wp\\\/joao-paulo-que-pulou-de-um-onibus-a-caminho-de-pernambuco-e-encontrado-morto-da-ba\\\/\"]}]},{\"@type\":\"ImageObject\",\"inLanguage\":\"pt-BR\",\"@id\":\"https:\\\/\\\/blogdoanchietaalves.blog.br\\\/wp\\\/joao-paulo-que-pulou-de-um-onibus-a-caminho-de-pernambuco-e-encontrado-morto-da-ba\\\/#primaryimage\",\"url\":\"https:\\\/\\\/i0.wp.com\\\/nilljunior.com.br\\\/wp-content\\\/uploads\\\/2026\\\/07\\\/Screenshot_20260729_084541_WhatsAppBusiness2-1.jpg?resize=492%2C370&amp;ssl=1\",\"contentUrl\":\"https:\\\/\\\/i0.wp.com\\\/nilljunior.com.br\\\/wp-content\\\/uploads\\\/2026\\\/07\\\/Screenshot_20260729_084541_WhatsAppBusiness2-1.jpg?resize=492%2C370&amp;ssl=1\"},{\"@type\":\"BreadcrumbList\",\"@id\":\"https:\\\/\\\/blogdoanchietaalves.blog.br\\\/wp\\\/joao-paulo-que-pulou-de-um-onibus-a-caminho-de-pernambuco-e-encontrado-morto-da-ba\\\/#breadcrumb\",\"itemListElement\":[{\"@type\":\"ListItem\",\"position\":1,\"name\":\"In\u00edcio\",\"item\":\"https:\\\/\\\/blogdoanchietaalves.blog.br\\\/wp\\\/\"},{\"@type\":\"ListItem\",\"position\":2,\"name\":\"Jo\u00e3o Paulo, que pulou de um \u00f4nibus a caminho de Pernambuco, \u00e9 encontrado morto da BA\"}]},{\"@type\":\"WebSite\",\"@id\":\"https:\\\/\\\/blogdoanchietaalves.blog.br\\\/wp\\\/#website\",\"url\":\"https:\\\/\\\/blogdoanchietaalves.blog.br\\\/wp\\\/\",\"name\":\"Blog do Anchieta Alves\",\"description\":\"As not\u00edcias que podem mudar sua vida!\",\"potentialAction\":[{\"@type\":\"SearchAction\",\"target\":{\"@type\":\"EntryPoint\",\"urlTemplate\":\"https:\\\/\\\/blogdoanchietaalves.blog.br\\\/wp\\\/?s={search_term_string}\"},\"query-input\":{\"@type\":\"PropertyValueSpecification\",\"valueRequired\":true,\"valueName\":\"search_term_string\"}}],\"inLanguage\":\"pt-BR\"},{\"@type\":\"Person\",\"@id\":\"https:\\\/\\\/blogdoanchietaalves.blog.br\\\/wp\\\/#\\\/schema\\\/person\\\/f33cc191c52a0435a7015f7f37ea0dcb\",\"name\":\"Anchieta Alves\",\"image\":{\"@type\":\"ImageObject\",\"inLanguage\":\"pt-BR\",\"@id\":\"https:\\\/\\\/secure.gravatar.com\\\/avatar\\\/c48ad92202ed1c12985ebb9f2fe0c8cf6d873a4bd054b7797f187d20da85e011?s=96&d=mm&r=g\",\"url\":\"https:\\\/\\\/secure.gravatar.com\\\/avatar\\\/c48ad92202ed1c12985ebb9f2fe0c8cf6d873a4bd054b7797f187d20da85e011?s=96&d=mm&r=g\",\"contentUrl\":\"https:\\\/\\\/secure.gravatar.com\\\/avatar\\\/c48ad92202ed1c12985ebb9f2fe0c8cf6d873a4bd054b7797f187d20da85e011?s=96&d=mm&r=g\",\"caption\":\"Anchieta Alves\"},\"sameAs\":[\"http:\\\/\\\/blogdoanchietaalves.blog.br\"],\"url\":\"https:\\\/\\\/blogdoanchietaalves.blog.br\\\/wp\\\/author\\\/anchieta\\\/\"}]}<\/script>\n<!-- \/ Yoast SEO plugin. -->","yoast_head_json":{"title":"Jo\u00e3o Paulo, que pulou de um \u00f4nibus a caminho de Pernambuco, \u00e9 encontrado morto da BA - Blog do Anchieta Alves","robots":{"index":"index","follow":"follow","max-snippet":"max-snippet:-1","max-image-preview":"max-image-preview:large","max-video-preview":"max-video-preview:-1"},"canonical":"https:\/\/blogdoanchietaalves.blog.br\/wp\/joao-paulo-que-pulou-de-um-onibus-a-caminho-de-pernambuco-e-encontrado-morto-da-ba\/","og_locale":"pt_BR","og_type":"article","og_title":"Jo\u00e3o Paulo, que pulou de um \u00f4nibus a caminho de Pernambuco, \u00e9 encontrado morto da BA - Blog do Anchieta Alves","og_description":"O corpo de Jo\u00e3o Paulo Ferreira de Lima, de 34 anos, foi encontrado hoje na regi\u00e3o da Serra da Mangabeira, Bahia, onde desapareceu a oito dias. As buscas foram intensificadas a partir de pegadas dele encontradas. Ele viajava de \u00f4nibus de S\u00e3o Paulo com destino a Salgueiro (PE) quando, ao passar pela Serra da Mangabeira","og_url":"https:\/\/blogdoanchietaalves.blog.br\/wp\/joao-paulo-que-pulou-de-um-onibus-a-caminho-de-pernambuco-e-encontrado-morto-da-ba\/","og_site_name":"Blog do Anchieta Alves","article_published_time":"2026-07-30T11:57:31+00:00","og_image":[{"url":"https:\/\/i0.wp.com\/nilljunior.com.br\/wp-content\/uploads\/2026\/07\/Screenshot_20260729_084541_WhatsAppBusiness2-1.jpg?resize=492%2C370&amp;ssl=1","type":"","width":"","height":""}],"author":"Anchieta Alves","twitter_card":"summary_large_image","twitter_misc":{"Escrito por":"Anchieta Alves","Est. tempo de leitura":"1 minuto"},"schema":{"@context":"https:\/\/schema.org","@graph":[{"@type":"Article","@id":"https:\/\/blogdoanchietaalves.blog.br\/wp\/joao-paulo-que-pulou-de-um-onibus-a-caminho-de-pernambuco-e-encontrado-morto-da-ba\/#article","isPartOf":{"@id":"https:\/\/blogdoanchietaalves.blog.br\/wp\/joao-paulo-que-pulou-de-um-onibus-a-caminho-de-pernambuco-e-encontrado-morto-da-ba\/"},"author":{"name":"Anchieta Alves","@id":"https:\/\/blogdoanchietaalves.blog.br\/wp\/#\/schema\/person\/f33cc191c52a0435a7015f7f37ea0dcb"},"headline":"Jo\u00e3o Paulo, que pulou de um \u00f4nibus a caminho de Pernambuco, \u00e9 encontrado morto da BA","datePublished":"2026-07-30T11:57:31+00:00","mainEntityOfPage":{"@id":"https:\/\/blogdoanchietaalves.blog.br\/wp\/joao-paulo-que-pulou-de-um-onibus-a-caminho-de-pernambuco-e-encontrado-morto-da-ba\/"},"wordCount":73,"commentCount":0,"image":{"@id":"https:\/\/blogdoanchietaalves.blog.br\/wp\/joao-paulo-que-pulou-de-um-onibus-a-caminho-de-pernambuco-e-encontrado-morto-da-ba\/#primaryimage"},"thumbnailUrl":"https:\/\/i0.wp.com\/nilljunior.com.br\/wp-content\/uploads\/2026\/07\/Screenshot_20260729_084541_WhatsAppBusiness2-1.jpg?resize=492%2C370&amp;ssl=1","inLanguage":"pt-BR","potentialAction":[{"@type":"CommentAction","name":"Comment","target":["https:\/\/blogdoanchietaalves.blog.br\/wp\/joao-paulo-que-pulou-de-um-onibus-a-caminho-de-pernambuco-e-encontrado-morto-da-ba\/#respond"]}]},{"@type":"WebPage","@id":"https:\/\/blogdoanchietaalves.blog.br\/wp\/joao-paulo-que-pulou-de-um-onibus-a-caminho-de-pernambuco-e-encontrado-morto-da-ba\/","url":"https:\/\/blogdoanchietaalves.blog.br\/wp\/joao-paulo-que-pulou-de-um-onibus-a-caminho-de-pernambuco-e-encontrado-morto-da-ba\/","name":"Jo\u00e3o Paulo, que pulou de um \u00f4nibus a caminho de Pernambuco, \u00e9 encontrado morto da BA - Blog do Anchieta Alves","isPartOf":{"@id":"https:\/\/blogdoanchietaalves.blog.br\/wp\/#website"},"primaryImageOfPage":{"@id":"https:\/\/blogdoanchietaalves.blog.br\/wp\/joao-paulo-que-pulou-de-um-onibus-a-caminho-de-pernambuco-e-encontrado-morto-da-ba\/#primaryimage"},"image":{"@id":"https:\/\/blogdoanchietaalves.blog.br\/wp\/joao-paulo-que-pulou-de-um-onibus-a-caminho-de-pernambuco-e-encontrado-morto-da-ba\/#primaryimage"},"thumbnailUrl":"https:\/\/i0.wp.com\/nilljunior.com.br\/wp-content\/uploads\/2026\/07\/Screenshot_20260729_084541_WhatsAppBusiness2-1.jpg?resize=492%2C370&amp;ssl=1","datePublished":"2026-07-30T11:57:31+00:00","author":{"@id":"https:\/\/blogdoanchietaalves.blog.br\/wp\/#\/schema\/person\/f33cc191c52a0435a7015f7f37ea0dcb"},"breadcrumb":{"@id":"https:\/\/blogdoanchietaalves.blog.br\/wp\/joao-paulo-que-pulou-de-um-onibus-a-caminho-de-pernambuco-e-encontrado-morto-da-ba\/#breadcrumb"},"inLanguage":"pt-BR","potentialAction":[{"@type":"ReadAction","target":["https:\/\/blogdoanchietaalves.blog.br\/wp\/joao-paulo-que-pulou-de-um-onibus-a-caminho-de-pernambuco-e-encontrado-morto-da-ba\/"]}]},{"@type":"ImageObject","inLanguage":"pt-BR","@id":"https:\/\/blogdoanchietaalves.blog.br\/wp\/joao-paulo-que-pulou-de-um-onibus-a-caminho-de-pernambuco-e-encontrado-morto-da-ba\/#primaryimage","url":"https:\/\/i0.wp.com\/nilljunior.com.br\/wp-content\/uploads\/2026\/07\/Screenshot_20260729_084541_WhatsAppBusiness2-1.jpg?resize=492%2C370&amp;ssl=1","contentUrl":"https:\/\/i0.wp.com\/nilljunior.com.br\/wp-content\/uploads\/2026\/07\/Screenshot_20260729_084541_WhatsAppBusiness2-1.jpg?resize=492%2C370&amp;ssl=1"},{"@type":"BreadcrumbList","@id":"https:\/\/blogdoanchietaalves.blog.br\/wp\/joao-paulo-que-pulou-de-um-onibus-a-caminho-de-pernambuco-e-encontrado-morto-da-ba\/#breadcrumb","itemListElement":[{"@type":"ListItem","position":1,"name":"In\u00edcio","item":"https:\/\/blogdoanchietaalves.blog.br\/wp\/"},{"@type":"ListItem","position":2,"name":"Jo\u00e3o Paulo, que pulou de um \u00f4nibus a caminho de Pernambuco, \u00e9 encontrado morto da BA"}]},{"@type":"WebSite","@id":"https:\/\/blogdoanchietaalves.blog.br\/wp\/#website","url":"https:\/\/blogdoanchietaalves.blog.br\/wp\/","name":"Blog do Anchieta Alves","description":"As not\u00edcias que podem mudar sua vida!","potentialAction":[{"@type":"SearchAction","target":{"@type":"EntryPoint","urlTemplate":"https:\/\/blogdoanchietaalves.blog.br\/wp\/?s={search_term_string}"},"query-input":{"@type":"PropertyValueSpecification","valueRequired":true,"valueName":"search_term_string"}}],"inLanguage":"pt-BR"},{"@type":"Person","@id":"https:\/\/blogdoanchietaalves.blog.br\/wp\/#\/schema\/person\/f33cc191c52a0435a7015f7f37ea0dcb","name":"Anchieta Alves","image":{"@type":"ImageObject","inLanguage":"pt-BR","@id":"https:\/\/secure.gravatar.com\/avatar\/c48ad92202ed1c12985ebb9f2fe0c8cf6d873a4bd054b7797f187d20da85e011?s=96&d=mm&r=g","url":"https:\/\/secure.gravatar.com\/avatar\/c48ad92202ed1c12985ebb9f2fe0c8cf6d873a4bd054b7797f187d20da85e011?s=96&d=mm&r=g","contentUrl":"https:\/\/secure.gravatar.com\/avatar\/c48ad92202ed1c12985ebb9f2fe0c8cf6d873a4bd054b7797f187d20da85e011?s=96&d=mm&r=g","caption":"Anchieta Alves"},"sameAs":["http:\/\/blogdoanchietaalves.blog.br"],"url":"https:\/\/blogdoanchietaalves.blog.br\/wp\/author\/anchieta\/"}]}},"_links":{"self":[{"href":"https:\/\/blogdoanchietaalves.blog.br\/wp\/wp-json\/wp\/v2\/posts\/5496","targetHints":{"allow":["GET"]}}],"collection":[{"href":"https:\/\/blogdoanchietaalves.blog.br\/wp\/wp-json\/wp\/v2\/posts"}],"about":[{"href":"https:\/\/blogdoanchietaalves.blog.br\/wp\/wp-json\/wp\/v2\/types\/post"}],"author":[{"embeddable":true,"href":"https:\/\/blogdoanchietaalves.blog.br\/wp\/wp-json\/wp\/v2\/users\/2"}],"replies":[{"embeddable":true,"href":"https:\/\/blogdoanchietaalves.blog.br\/wp\/wp-json\/wp\/v2\/comments?post=5496"}],"version-history":[{"count":1,"href":"https:\/\/blogdoanchietaalves.blog.br\/wp\/wp-json\/wp\/v2\/posts\/5496\/revisions"}],"predecessor-version":[{"id":5497,"href":"https:\/\/blogdoanchietaalves.blog.br\/wp\/wp-json\/wp\/v2\/posts\/5496\/revisions\/5497"}],"wp:attachment":[{"href":"https:\/\/blogdoanchietaalves.blog.br\/wp\/wp-json\/wp\/v2\/media?parent=5496"}],"wp:term":[{"taxonomy":"category","embeddable":true,"href":"https:\/\/blogdoanchietaalves.blog.br\/wp\/wp-json\/wp\/v2\/categories?post=5496"},{"taxonomy":"post_tag","embeddable":true,"href":"https:\/\/blogdoanchietaalves.blog.br\/wp\/wp-json\/wp\/v2\/tags?post=5496"}],"curies":[{"name":"wp","href":"https:\/\/api.w.org\/{rel}","templated":true}]}}