{"id":5479,"date":"2026-07-21T14:54:59","date_gmt":"2026-07-21T17:54:59","guid":{"rendered":"https:\/\/blogdoanchietaalves.blog.br\/wp\/?p=5479"},"modified":"2026-07-21T14:54:59","modified_gmt":"2026-07-21T17:54:59","slug":"brasil-atinge-reducao-historica-da-fome-resultado-reflete-melhora-da-economia-brasileira-diz-ministerio","status":"publish","type":"post","link":"https:\/\/blogdoanchietaalves.blog.br\/wp\/brasil-atinge-reducao-historica-da-fome-resultado-reflete-melhora-da-economia-brasileira-diz-ministerio\/","title":{"rendered":"Brasil atinge redu\u00e7\u00e3o hist\u00f3rica da fome; resultado reflete melhora da economia brasileira, diz minist\u00e9rio"},"content":{"rendered":"<p><a class=\"b247-destaques-lead-img\" href=\"https:\/\/www.brasil247.com\/brasil\/brasil-atinge-reducao-historica-da-fome-resultado-reflete-melhora-da-economia-brasileira-diz-ministerio\/\" aria-label=\"Brasil atinge redu\u00e7\u00e3o hist\u00f3rica da fome; resultado reflete melhora da economia brasileira, diz minist\u00e9rio\"><img loading=\"lazy\" decoding=\"async\" src=\"https:\/\/www.brasil247.com\/wp-content\/uploads\/2024\/07\/20240724090744_ebef33a64052dd8915440c0dd6b9ec3b74a6bbf3b51eda6565ddff8379f76254.jpg?quality=76&amp;strip=all&amp;w=640\" alt=\"Lula e Wellington Dias\" width=\"640\" height=\"360\" \/><\/a><\/p>\n<div class=\"b247-destaques-lead-body\">\n<div class=\"b247-destaques-kicker has-roboto-font-family\"><\/div>\n<p class=\"b247-destaques-lead-excerpt\">Relat\u00f3rio SOFI 2026 da FAO-ONU confirma manuten\u00e7\u00e3o do pa\u00eds fora do Mapa da Fome e queda da inseguran\u00e7a severa ao menor n\u00edvel da s\u00e9rie<\/p>\n<\/div>\n","protected":false},"excerpt":{"rendered":"<p>Relat\u00f3rio SOFI 2026 da FAO-ONU confirma manuten\u00e7\u00e3o do pa\u00eds fora do Mapa da Fome e queda da inseguran\u00e7a severa ao menor n\u00edvel da s\u00e9rie<\/p>\n","protected":false},"author":2,"featured_media":0,"comment_status":"open","ping_status":"open","sticky":false,"template":"","format":"standard","meta":{"footnotes":""},"categories":[1],"tags":[],"class_list":["post-5479","post","type-post","status-publish","format-standard","hentry","category-sem-categoria"],"yoast_head":"<!-- This site is optimized with the Yoast SEO plugin v28.4 - https:\/\/yoast.com\/product\/yoast-seo-wordpress\/ -->\n<title>Brasil atinge redu\u00e7\u00e3o hist\u00f3rica da fome; resultado reflete melhora da economia brasileira, diz minist\u00e9rio - Blog do Anchieta Alves<\/title>\n<meta name=\"robots\" content=\"index, follow, max-snippet:-1, max-image-preview:large, max-video-preview:-1\" \/>\n<link rel=\"canonical\" href=\"https:\/\/blogdoanchietaalves.blog.br\/wp\/brasil-atinge-reducao-historica-da-fome-resultado-reflete-melhora-da-economia-brasileira-diz-ministerio\/\" \/>\n<meta property=\"og:locale\" content=\"pt_BR\" \/>\n<meta property=\"og:type\" content=\"article\" \/>\n<meta property=\"og:title\" content=\"Brasil atinge redu\u00e7\u00e3o hist\u00f3rica da fome; resultado reflete melhora da economia brasileira, diz minist\u00e9rio - Blog do Anchieta Alves\" \/>\n<meta property=\"og:description\" content=\"Relat\u00f3rio SOFI 2026 da FAO-ONU confirma manuten\u00e7\u00e3o do pa\u00eds fora do Mapa da Fome e queda da inseguran\u00e7a severa ao menor n\u00edvel da s\u00e9rie\" \/>\n<meta property=\"og:url\" content=\"https:\/\/blogdoanchietaalves.blog.br\/wp\/brasil-atinge-reducao-historica-da-fome-resultado-reflete-melhora-da-economia-brasileira-diz-ministerio\/\" \/>\n<meta property=\"og:site_name\" content=\"Blog do Anchieta Alves\" \/>\n<meta property=\"article:published_time\" content=\"2026-07-21T17:54:59+00:00\" \/>\n<meta property=\"og:image\" content=\"https:\/\/www.brasil247.com\/wp-content\/uploads\/2024\/07\/20240724090744_ebef33a64052dd8915440c0dd6b9ec3b74a6bbf3b51eda6565ddff8379f76254.jpg?quality=76&amp;strip=all&amp;w=640\" \/>\n<meta name=\"author\" content=\"Anchieta Alves\" \/>\n<meta name=\"twitter:card\" content=\"summary_large_image\" \/>\n<meta name=\"twitter:label1\" content=\"Escrito por\" \/>\n\t<meta name=\"twitter:data1\" content=\"Anchieta Alves\" \/>\n\t<meta name=\"twitter:label2\" content=\"Est. tempo de leitura\" \/>\n\t<meta name=\"twitter:data2\" content=\"1 minuto\" \/>\n<script type=\"application\/ld+json\" class=\"yoast-schema-graph\">{\"@context\":\"https:\\\/\\\/schema.org\",\"@graph\":[{\"@type\":\"Article\",\"@id\":\"https:\\\/\\\/blogdoanchietaalves.blog.br\\\/wp\\\/brasil-atinge-reducao-historica-da-fome-resultado-reflete-melhora-da-economia-brasileira-diz-ministerio\\\/#article\",\"isPartOf\":{\"@id\":\"https:\\\/\\\/blogdoanchietaalves.blog.br\\\/wp\\\/brasil-atinge-reducao-historica-da-fome-resultado-reflete-melhora-da-economia-brasileira-diz-ministerio\\\/\"},\"author\":{\"name\":\"Anchieta Alves\",\"@id\":\"https:\\\/\\\/blogdoanchietaalves.blog.br\\\/wp\\\/#\\\/schema\\\/person\\\/f33cc191c52a0435a7015f7f37ea0dcb\"},\"headline\":\"Brasil atinge redu\u00e7\u00e3o hist\u00f3rica da fome; resultado reflete melhora da economia brasileira, diz minist\u00e9rio\",\"datePublished\":\"2026-07-21T17:54:59+00:00\",\"mainEntityOfPage\":{\"@id\":\"https:\\\/\\\/blogdoanchietaalves.blog.br\\\/wp\\\/brasil-atinge-reducao-historica-da-fome-resultado-reflete-melhora-da-economia-brasileira-diz-ministerio\\\/\"},\"wordCount\":46,\"commentCount\":0,\"image\":{\"@id\":\"https:\\\/\\\/blogdoanchietaalves.blog.br\\\/wp\\\/brasil-atinge-reducao-historica-da-fome-resultado-reflete-melhora-da-economia-brasileira-diz-ministerio\\\/#primaryimage\"},\"thumbnailUrl\":\"https:\\\/\\\/www.brasil247.com\\\/wp-content\\\/uploads\\\/2024\\\/07\\\/20240724090744_ebef33a64052dd8915440c0dd6b9ec3b74a6bbf3b51eda6565ddff8379f76254.jpg?quality=76&amp;strip=all&amp;w=640\",\"inLanguage\":\"pt-BR\",\"potentialAction\":[{\"@type\":\"CommentAction\",\"name\":\"Comment\",\"target\":[\"https:\\\/\\\/blogdoanchietaalves.blog.br\\\/wp\\\/brasil-atinge-reducao-historica-da-fome-resultado-reflete-melhora-da-economia-brasileira-diz-ministerio\\\/#respond\"]}]},{\"@type\":\"WebPage\",\"@id\":\"https:\\\/\\\/blogdoanchietaalves.blog.br\\\/wp\\\/brasil-atinge-reducao-historica-da-fome-resultado-reflete-melhora-da-economia-brasileira-diz-ministerio\\\/\",\"url\":\"https:\\\/\\\/blogdoanchietaalves.blog.br\\\/wp\\\/brasil-atinge-reducao-historica-da-fome-resultado-reflete-melhora-da-economia-brasileira-diz-ministerio\\\/\",\"name\":\"Brasil atinge redu\u00e7\u00e3o hist\u00f3rica da fome; resultado reflete melhora da economia brasileira, diz minist\u00e9rio - Blog do Anchieta Alves\",\"isPartOf\":{\"@id\":\"https:\\\/\\\/blogdoanchietaalves.blog.br\\\/wp\\\/#website\"},\"primaryImageOfPage\":{\"@id\":\"https:\\\/\\\/blogdoanchietaalves.blog.br\\\/wp\\\/brasil-atinge-reducao-historica-da-fome-resultado-reflete-melhora-da-economia-brasileira-diz-ministerio\\\/#primaryimage\"},\"image\":{\"@id\":\"https:\\\/\\\/blogdoanchietaalves.blog.br\\\/wp\\\/brasil-atinge-reducao-historica-da-fome-resultado-reflete-melhora-da-economia-brasileira-diz-ministerio\\\/#primaryimage\"},\"thumbnailUrl\":\"https:\\\/\\\/www.brasil247.com\\\/wp-content\\\/uploads\\\/2024\\\/07\\\/20240724090744_ebef33a64052dd8915440c0dd6b9ec3b74a6bbf3b51eda6565ddff8379f76254.jpg?quality=76&amp;strip=all&amp;w=640\",\"datePublished\":\"2026-07-21T17:54:59+00:00\",\"author\":{\"@id\":\"https:\\\/\\\/blogdoanchietaalves.blog.br\\\/wp\\\/#\\\/schema\\\/person\\\/f33cc191c52a0435a7015f7f37ea0dcb\"},\"breadcrumb\":{\"@id\":\"https:\\\/\\\/blogdoanchietaalves.blog.br\\\/wp\\\/brasil-atinge-reducao-historica-da-fome-resultado-reflete-melhora-da-economia-brasileira-diz-ministerio\\\/#breadcrumb\"},\"inLanguage\":\"pt-BR\",\"potentialAction\":[{\"@type\":\"ReadAction\",\"target\":[\"https:\\\/\\\/blogdoanchietaalves.blog.br\\\/wp\\\/brasil-atinge-reducao-historica-da-fome-resultado-reflete-melhora-da-economia-brasileira-diz-ministerio\\\/\"]}]},{\"@type\":\"ImageObject\",\"inLanguage\":\"pt-BR\",\"@id\":\"https:\\\/\\\/blogdoanchietaalves.blog.br\\\/wp\\\/brasil-atinge-reducao-historica-da-fome-resultado-reflete-melhora-da-economia-brasileira-diz-ministerio\\\/#primaryimage\",\"url\":\"https:\\\/\\\/www.brasil247.com\\\/wp-content\\\/uploads\\\/2024\\\/07\\\/20240724090744_ebef33a64052dd8915440c0dd6b9ec3b74a6bbf3b51eda6565ddff8379f76254.jpg?quality=76&amp;strip=all&amp;w=640\",\"contentUrl\":\"https:\\\/\\\/www.brasil247.com\\\/wp-content\\\/uploads\\\/2024\\\/07\\\/20240724090744_ebef33a64052dd8915440c0dd6b9ec3b74a6bbf3b51eda6565ddff8379f76254.jpg?quality=76&amp;strip=all&amp;w=640\"},{\"@type\":\"BreadcrumbList\",\"@id\":\"https:\\\/\\\/blogdoanchietaalves.blog.br\\\/wp\\\/brasil-atinge-reducao-historica-da-fome-resultado-reflete-melhora-da-economia-brasileira-diz-ministerio\\\/#breadcrumb\",\"itemListElement\":[{\"@type\":\"ListItem\",\"position\":1,\"name\":\"In\u00edcio\",\"item\":\"https:\\\/\\\/blogdoanchietaalves.blog.br\\\/wp\\\/\"},{\"@type\":\"ListItem\",\"position\":2,\"name\":\"Brasil atinge redu\u00e7\u00e3o hist\u00f3rica da fome; resultado reflete melhora da economia brasileira, diz minist\u00e9rio\"}]},{\"@type\":\"WebSite\",\"@id\":\"https:\\\/\\\/blogdoanchietaalves.blog.br\\\/wp\\\/#website\",\"url\":\"https:\\\/\\\/blogdoanchietaalves.blog.br\\\/wp\\\/\",\"name\":\"Blog do Anchieta Alves\",\"description\":\"As not\u00edcias que podem mudar sua vida!\",\"potentialAction\":[{\"@type\":\"SearchAction\",\"target\":{\"@type\":\"EntryPoint\",\"urlTemplate\":\"https:\\\/\\\/blogdoanchietaalves.blog.br\\\/wp\\\/?s={search_term_string}\"},\"query-input\":{\"@type\":\"PropertyValueSpecification\",\"valueRequired\":true,\"valueName\":\"search_term_string\"}}],\"inLanguage\":\"pt-BR\"},{\"@type\":\"Person\",\"@id\":\"https:\\\/\\\/blogdoanchietaalves.blog.br\\\/wp\\\/#\\\/schema\\\/person\\\/f33cc191c52a0435a7015f7f37ea0dcb\",\"name\":\"Anchieta Alves\",\"image\":{\"@type\":\"ImageObject\",\"inLanguage\":\"pt-BR\",\"@id\":\"https:\\\/\\\/secure.gravatar.com\\\/avatar\\\/c48ad92202ed1c12985ebb9f2fe0c8cf6d873a4bd054b7797f187d20da85e011?s=96&d=mm&r=g\",\"url\":\"https:\\\/\\\/secure.gravatar.com\\\/avatar\\\/c48ad92202ed1c12985ebb9f2fe0c8cf6d873a4bd054b7797f187d20da85e011?s=96&d=mm&r=g\",\"contentUrl\":\"https:\\\/\\\/secure.gravatar.com\\\/avatar\\\/c48ad92202ed1c12985ebb9f2fe0c8cf6d873a4bd054b7797f187d20da85e011?s=96&d=mm&r=g\",\"caption\":\"Anchieta Alves\"},\"sameAs\":[\"http:\\\/\\\/blogdoanchietaalves.blog.br\"],\"url\":\"https:\\\/\\\/blogdoanchietaalves.blog.br\\\/wp\\\/author\\\/anchieta\\\/\"}]}<\/script>\n<!-- \/ Yoast SEO plugin. -->","yoast_head_json":{"title":"Brasil atinge redu\u00e7\u00e3o hist\u00f3rica da fome; resultado reflete melhora da economia brasileira, diz minist\u00e9rio - Blog do Anchieta Alves","robots":{"index":"index","follow":"follow","max-snippet":"max-snippet:-1","max-image-preview":"max-image-preview:large","max-video-preview":"max-video-preview:-1"},"canonical":"https:\/\/blogdoanchietaalves.blog.br\/wp\/brasil-atinge-reducao-historica-da-fome-resultado-reflete-melhora-da-economia-brasileira-diz-ministerio\/","og_locale":"pt_BR","og_type":"article","og_title":"Brasil atinge redu\u00e7\u00e3o hist\u00f3rica da fome; resultado reflete melhora da economia brasileira, diz minist\u00e9rio - Blog do Anchieta Alves","og_description":"Relat\u00f3rio SOFI 2026 da FAO-ONU confirma manuten\u00e7\u00e3o do pa\u00eds fora do Mapa da Fome e queda da inseguran\u00e7a severa ao menor n\u00edvel da s\u00e9rie","og_url":"https:\/\/blogdoanchietaalves.blog.br\/wp\/brasil-atinge-reducao-historica-da-fome-resultado-reflete-melhora-da-economia-brasileira-diz-ministerio\/","og_site_name":"Blog do Anchieta Alves","article_published_time":"2026-07-21T17:54:59+00:00","og_image":[{"url":"https:\/\/www.brasil247.com\/wp-content\/uploads\/2024\/07\/20240724090744_ebef33a64052dd8915440c0dd6b9ec3b74a6bbf3b51eda6565ddff8379f76254.jpg?quality=76&amp;strip=all&amp;w=640","type":"","width":"","height":""}],"author":"Anchieta Alves","twitter_card":"summary_large_image","twitter_misc":{"Escrito por":"Anchieta Alves","Est. tempo de leitura":"1 minuto"},"schema":{"@context":"https:\/\/schema.org","@graph":[{"@type":"Article","@id":"https:\/\/blogdoanchietaalves.blog.br\/wp\/brasil-atinge-reducao-historica-da-fome-resultado-reflete-melhora-da-economia-brasileira-diz-ministerio\/#article","isPartOf":{"@id":"https:\/\/blogdoanchietaalves.blog.br\/wp\/brasil-atinge-reducao-historica-da-fome-resultado-reflete-melhora-da-economia-brasileira-diz-ministerio\/"},"author":{"name":"Anchieta Alves","@id":"https:\/\/blogdoanchietaalves.blog.br\/wp\/#\/schema\/person\/f33cc191c52a0435a7015f7f37ea0dcb"},"headline":"Brasil atinge redu\u00e7\u00e3o hist\u00f3rica da fome; resultado reflete melhora da economia brasileira, diz minist\u00e9rio","datePublished":"2026-07-21T17:54:59+00:00","mainEntityOfPage":{"@id":"https:\/\/blogdoanchietaalves.blog.br\/wp\/brasil-atinge-reducao-historica-da-fome-resultado-reflete-melhora-da-economia-brasileira-diz-ministerio\/"},"wordCount":46,"commentCount":0,"image":{"@id":"https:\/\/blogdoanchietaalves.blog.br\/wp\/brasil-atinge-reducao-historica-da-fome-resultado-reflete-melhora-da-economia-brasileira-diz-ministerio\/#primaryimage"},"thumbnailUrl":"https:\/\/www.brasil247.com\/wp-content\/uploads\/2024\/07\/20240724090744_ebef33a64052dd8915440c0dd6b9ec3b74a6bbf3b51eda6565ddff8379f76254.jpg?quality=76&amp;strip=all&amp;w=640","inLanguage":"pt-BR","potentialAction":[{"@type":"CommentAction","name":"Comment","target":["https:\/\/blogdoanchietaalves.blog.br\/wp\/brasil-atinge-reducao-historica-da-fome-resultado-reflete-melhora-da-economia-brasileira-diz-ministerio\/#respond"]}]},{"@type":"WebPage","@id":"https:\/\/blogdoanchietaalves.blog.br\/wp\/brasil-atinge-reducao-historica-da-fome-resultado-reflete-melhora-da-economia-brasileira-diz-ministerio\/","url":"https:\/\/blogdoanchietaalves.blog.br\/wp\/brasil-atinge-reducao-historica-da-fome-resultado-reflete-melhora-da-economia-brasileira-diz-ministerio\/","name":"Brasil atinge redu\u00e7\u00e3o hist\u00f3rica da fome; resultado reflete melhora da economia brasileira, diz minist\u00e9rio - Blog do Anchieta Alves","isPartOf":{"@id":"https:\/\/blogdoanchietaalves.blog.br\/wp\/#website"},"primaryImageOfPage":{"@id":"https:\/\/blogdoanchietaalves.blog.br\/wp\/brasil-atinge-reducao-historica-da-fome-resultado-reflete-melhora-da-economia-brasileira-diz-ministerio\/#primaryimage"},"image":{"@id":"https:\/\/blogdoanchietaalves.blog.br\/wp\/brasil-atinge-reducao-historica-da-fome-resultado-reflete-melhora-da-economia-brasileira-diz-ministerio\/#primaryimage"},"thumbnailUrl":"https:\/\/www.brasil247.com\/wp-content\/uploads\/2024\/07\/20240724090744_ebef33a64052dd8915440c0dd6b9ec3b74a6bbf3b51eda6565ddff8379f76254.jpg?quality=76&amp;strip=all&amp;w=640","datePublished":"2026-07-21T17:54:59+00:00","author":{"@id":"https:\/\/blogdoanchietaalves.blog.br\/wp\/#\/schema\/person\/f33cc191c52a0435a7015f7f37ea0dcb"},"breadcrumb":{"@id":"https:\/\/blogdoanchietaalves.blog.br\/wp\/brasil-atinge-reducao-historica-da-fome-resultado-reflete-melhora-da-economia-brasileira-diz-ministerio\/#breadcrumb"},"inLanguage":"pt-BR","potentialAction":[{"@type":"ReadAction","target":["https:\/\/blogdoanchietaalves.blog.br\/wp\/brasil-atinge-reducao-historica-da-fome-resultado-reflete-melhora-da-economia-brasileira-diz-ministerio\/"]}]},{"@type":"ImageObject","inLanguage":"pt-BR","@id":"https:\/\/blogdoanchietaalves.blog.br\/wp\/brasil-atinge-reducao-historica-da-fome-resultado-reflete-melhora-da-economia-brasileira-diz-ministerio\/#primaryimage","url":"https:\/\/www.brasil247.com\/wp-content\/uploads\/2024\/07\/20240724090744_ebef33a64052dd8915440c0dd6b9ec3b74a6bbf3b51eda6565ddff8379f76254.jpg?quality=76&amp;strip=all&amp;w=640","contentUrl":"https:\/\/www.brasil247.com\/wp-content\/uploads\/2024\/07\/20240724090744_ebef33a64052dd8915440c0dd6b9ec3b74a6bbf3b51eda6565ddff8379f76254.jpg?quality=76&amp;strip=all&amp;w=640"},{"@type":"BreadcrumbList","@id":"https:\/\/blogdoanchietaalves.blog.br\/wp\/brasil-atinge-reducao-historica-da-fome-resultado-reflete-melhora-da-economia-brasileira-diz-ministerio\/#breadcrumb","itemListElement":[{"@type":"ListItem","position":1,"name":"In\u00edcio","item":"https:\/\/blogdoanchietaalves.blog.br\/wp\/"},{"@type":"ListItem","position":2,"name":"Brasil atinge redu\u00e7\u00e3o hist\u00f3rica da fome; resultado reflete melhora da economia brasileira, diz minist\u00e9rio"}]},{"@type":"WebSite","@id":"https:\/\/blogdoanchietaalves.blog.br\/wp\/#website","url":"https:\/\/blogdoanchietaalves.blog.br\/wp\/","name":"Blog do Anchieta Alves","description":"As not\u00edcias que podem mudar sua vida!","potentialAction":[{"@type":"SearchAction","target":{"@type":"EntryPoint","urlTemplate":"https:\/\/blogdoanchietaalves.blog.br\/wp\/?s={search_term_string}"},"query-input":{"@type":"PropertyValueSpecification","valueRequired":true,"valueName":"search_term_string"}}],"inLanguage":"pt-BR"},{"@type":"Person","@id":"https:\/\/blogdoanchietaalves.blog.br\/wp\/#\/schema\/person\/f33cc191c52a0435a7015f7f37ea0dcb","name":"Anchieta Alves","image":{"@type":"ImageObject","inLanguage":"pt-BR","@id":"https:\/\/secure.gravatar.com\/avatar\/c48ad92202ed1c12985ebb9f2fe0c8cf6d873a4bd054b7797f187d20da85e011?s=96&d=mm&r=g","url":"https:\/\/secure.gravatar.com\/avatar\/c48ad92202ed1c12985ebb9f2fe0c8cf6d873a4bd054b7797f187d20da85e011?s=96&d=mm&r=g","contentUrl":"https:\/\/secure.gravatar.com\/avatar\/c48ad92202ed1c12985ebb9f2fe0c8cf6d873a4bd054b7797f187d20da85e011?s=96&d=mm&r=g","caption":"Anchieta Alves"},"sameAs":["http:\/\/blogdoanchietaalves.blog.br"],"url":"https:\/\/blogdoanchietaalves.blog.br\/wp\/author\/anchieta\/"}]}},"_links":{"self":[{"href":"https:\/\/blogdoanchietaalves.blog.br\/wp\/wp-json\/wp\/v2\/posts\/5479","targetHints":{"allow":["GET"]}}],"collection":[{"href":"https:\/\/blogdoanchietaalves.blog.br\/wp\/wp-json\/wp\/v2\/posts"}],"about":[{"href":"https:\/\/blogdoanchietaalves.blog.br\/wp\/wp-json\/wp\/v2\/types\/post"}],"author":[{"embeddable":true,"href":"https:\/\/blogdoanchietaalves.blog.br\/wp\/wp-json\/wp\/v2\/users\/2"}],"replies":[{"embeddable":true,"href":"https:\/\/blogdoanchietaalves.blog.br\/wp\/wp-json\/wp\/v2\/comments?post=5479"}],"version-history":[{"count":1,"href":"https:\/\/blogdoanchietaalves.blog.br\/wp\/wp-json\/wp\/v2\/posts\/5479\/revisions"}],"predecessor-version":[{"id":5480,"href":"https:\/\/blogdoanchietaalves.blog.br\/wp\/wp-json\/wp\/v2\/posts\/5479\/revisions\/5480"}],"wp:attachment":[{"href":"https:\/\/blogdoanchietaalves.blog.br\/wp\/wp-json\/wp\/v2\/media?parent=5479"}],"wp:term":[{"taxonomy":"category","embeddable":true,"href":"https:\/\/blogdoanchietaalves.blog.br\/wp\/wp-json\/wp\/v2\/categories?post=5479"},{"taxonomy":"post_tag","embeddable":true,"href":"https:\/\/blogdoanchietaalves.blog.br\/wp\/wp-json\/wp\/v2\/tags?post=5479"}],"curies":[{"name":"wp","href":"https:\/\/api.w.org\/{rel}","templated":true}]}}