{"id":5376,"date":"2026-04-21T18:55:16","date_gmt":"2026-04-21T21:55:16","guid":{"rendered":"https:\/\/blogdoanchietaalves.blog.br\/wp\/?p=5376"},"modified":"2026-04-21T18:55:16","modified_gmt":"2026-04-21T21:55:16","slug":"apicultores-de-carnaiba-regiao-estao-prejudicados-por-falta-de-energia-em-sua-unidade-de-beneficiamento-de-mel","status":"publish","type":"post","link":"https:\/\/blogdoanchietaalves.blog.br\/wp\/apicultores-de-carnaiba-regiao-estao-prejudicados-por-falta-de-energia-em-sua-unidade-de-beneficiamento-de-mel\/","title":{"rendered":"Apicultores de Carna\u00edba  Regi\u00e3o estao prejudicados por falta de energia em sua unidade de beneficiamento de mel."},"content":{"rendered":"<p>Os apicultores de Carna\u00edba e Regi\u00e3o est\u00e3o sendo prejudicados com a falta de energia na unidade de extra\u00e7\u00e3o e beneficiamento de mel, a v\u00e1rios dias que est\u00e1 faltando energia da unidade de beneficiamento de mel, os apicultores est\u00e3o utilizando a centr\u00edfuga manual, a Celpe fa foi comunicada com v\u00e1rios protocolos e as equipes respons\u00e1veis n\u00e3o vieram averiguar e restaurar a falta de energia, lament\u00e1vel a lentid\u00e3o da Celpe.<\/p>\n","protected":false},"excerpt":{"rendered":"<p>Os apicultores de Carna\u00edba e Regi\u00e3o est\u00e3o sendo prejudicados com a falta de energia na unidade de extra\u00e7\u00e3o e beneficiamento de mel, a v\u00e1rios dias que est\u00e1 faltando energia da unidade de beneficiamento de mel, os apicultores est\u00e3o utilizando a centr\u00edfuga manual, a Celpe fa foi comunicada com v\u00e1rios protocolos e as equipes respons\u00e1veis n\u00e3o &#8230; <a title=\"Apicultores de Carna\u00edba  Regi\u00e3o estao prejudicados por falta de energia em sua unidade de beneficiamento de mel.\" class=\"read-more\" href=\"https:\/\/blogdoanchietaalves.blog.br\/wp\/apicultores-de-carnaiba-regiao-estao-prejudicados-por-falta-de-energia-em-sua-unidade-de-beneficiamento-de-mel\/\" aria-label=\"Read more about Apicultores de Carna\u00edba  Regi\u00e3o estao prejudicados por falta de energia em sua unidade de beneficiamento de mel.\">Ler mais<\/a><\/p>\n","protected":false},"author":2,"featured_media":0,"comment_status":"open","ping_status":"open","sticky":false,"template":"","format":"standard","meta":{"footnotes":""},"categories":[1],"tags":[],"class_list":["post-5376","post","type-post","status-publish","format-standard","hentry","category-sem-categoria"],"yoast_head":"<!-- This site is optimized with the Yoast SEO plugin v28.4 - https:\/\/yoast.com\/product\/yoast-seo-wordpress\/ -->\n<title>Apicultores de Carna\u00edba Regi\u00e3o estao prejudicados por falta de energia em sua unidade de beneficiamento de mel. - Blog do Anchieta Alves<\/title>\n<meta name=\"robots\" content=\"index, follow, max-snippet:-1, max-image-preview:large, max-video-preview:-1\" \/>\n<link rel=\"canonical\" href=\"https:\/\/blogdoanchietaalves.blog.br\/wp\/apicultores-de-carnaiba-regiao-estao-prejudicados-por-falta-de-energia-em-sua-unidade-de-beneficiamento-de-mel\/\" \/>\n<meta property=\"og:locale\" content=\"pt_BR\" \/>\n<meta property=\"og:type\" content=\"article\" \/>\n<meta property=\"og:title\" content=\"Apicultores de Carna\u00edba Regi\u00e3o estao prejudicados por falta de energia em sua unidade de beneficiamento de mel. - Blog do Anchieta Alves\" \/>\n<meta property=\"og:description\" content=\"Os apicultores de Carna\u00edba e Regi\u00e3o est\u00e3o sendo prejudicados com a falta de energia na unidade de extra\u00e7\u00e3o e beneficiamento de mel, a v\u00e1rios dias que est\u00e1 faltando energia da unidade de beneficiamento de mel, os apicultores est\u00e3o utilizando a centr\u00edfuga manual, a Celpe fa foi comunicada com v\u00e1rios protocolos e as equipes respons\u00e1veis n\u00e3o ... Ler mais\" \/>\n<meta property=\"og:url\" content=\"https:\/\/blogdoanchietaalves.blog.br\/wp\/apicultores-de-carnaiba-regiao-estao-prejudicados-por-falta-de-energia-em-sua-unidade-de-beneficiamento-de-mel\/\" \/>\n<meta property=\"og:site_name\" content=\"Blog do Anchieta Alves\" \/>\n<meta property=\"article:published_time\" content=\"2026-04-21T21:55:16+00:00\" \/>\n<meta name=\"author\" content=\"Anchieta Alves\" \/>\n<meta name=\"twitter:card\" content=\"summary_large_image\" \/>\n<meta name=\"twitter:label1\" content=\"Escrito por\" \/>\n\t<meta name=\"twitter:data1\" content=\"Anchieta Alves\" \/>\n\t<meta name=\"twitter:label2\" content=\"Est. tempo de leitura\" \/>\n\t<meta name=\"twitter:data2\" content=\"1 minuto\" \/>\n<script type=\"application\/ld+json\" class=\"yoast-schema-graph\">{\"@context\":\"https:\\\/\\\/schema.org\",\"@graph\":[{\"@type\":\"Article\",\"@id\":\"https:\\\/\\\/blogdoanchietaalves.blog.br\\\/wp\\\/apicultores-de-carnaiba-regiao-estao-prejudicados-por-falta-de-energia-em-sua-unidade-de-beneficiamento-de-mel\\\/#article\",\"isPartOf\":{\"@id\":\"https:\\\/\\\/blogdoanchietaalves.blog.br\\\/wp\\\/apicultores-de-carnaiba-regiao-estao-prejudicados-por-falta-de-energia-em-sua-unidade-de-beneficiamento-de-mel\\\/\"},\"author\":{\"name\":\"Anchieta Alves\",\"@id\":\"https:\\\/\\\/blogdoanchietaalves.blog.br\\\/wp\\\/#\\\/schema\\\/person\\\/f33cc191c52a0435a7015f7f37ea0dcb\"},\"headline\":\"Apicultores de Carna\u00edba Regi\u00e3o estao prejudicados por falta de energia em sua unidade de beneficiamento de mel.\",\"datePublished\":\"2026-04-21T21:55:16+00:00\",\"mainEntityOfPage\":{\"@id\":\"https:\\\/\\\/blogdoanchietaalves.blog.br\\\/wp\\\/apicultores-de-carnaiba-regiao-estao-prejudicados-por-falta-de-energia-em-sua-unidade-de-beneficiamento-de-mel\\\/\"},\"wordCount\":99,\"commentCount\":0,\"inLanguage\":\"pt-BR\",\"potentialAction\":[{\"@type\":\"CommentAction\",\"name\":\"Comment\",\"target\":[\"https:\\\/\\\/blogdoanchietaalves.blog.br\\\/wp\\\/apicultores-de-carnaiba-regiao-estao-prejudicados-por-falta-de-energia-em-sua-unidade-de-beneficiamento-de-mel\\\/#respond\"]}]},{\"@type\":\"WebPage\",\"@id\":\"https:\\\/\\\/blogdoanchietaalves.blog.br\\\/wp\\\/apicultores-de-carnaiba-regiao-estao-prejudicados-por-falta-de-energia-em-sua-unidade-de-beneficiamento-de-mel\\\/\",\"url\":\"https:\\\/\\\/blogdoanchietaalves.blog.br\\\/wp\\\/apicultores-de-carnaiba-regiao-estao-prejudicados-por-falta-de-energia-em-sua-unidade-de-beneficiamento-de-mel\\\/\",\"name\":\"Apicultores de Carna\u00edba Regi\u00e3o estao prejudicados por falta de energia em sua unidade de beneficiamento de mel. - Blog do Anchieta Alves\",\"isPartOf\":{\"@id\":\"https:\\\/\\\/blogdoanchietaalves.blog.br\\\/wp\\\/#website\"},\"datePublished\":\"2026-04-21T21:55:16+00:00\",\"author\":{\"@id\":\"https:\\\/\\\/blogdoanchietaalves.blog.br\\\/wp\\\/#\\\/schema\\\/person\\\/f33cc191c52a0435a7015f7f37ea0dcb\"},\"breadcrumb\":{\"@id\":\"https:\\\/\\\/blogdoanchietaalves.blog.br\\\/wp\\\/apicultores-de-carnaiba-regiao-estao-prejudicados-por-falta-de-energia-em-sua-unidade-de-beneficiamento-de-mel\\\/#breadcrumb\"},\"inLanguage\":\"pt-BR\",\"potentialAction\":[{\"@type\":\"ReadAction\",\"target\":[\"https:\\\/\\\/blogdoanchietaalves.blog.br\\\/wp\\\/apicultores-de-carnaiba-regiao-estao-prejudicados-por-falta-de-energia-em-sua-unidade-de-beneficiamento-de-mel\\\/\"]}]},{\"@type\":\"BreadcrumbList\",\"@id\":\"https:\\\/\\\/blogdoanchietaalves.blog.br\\\/wp\\\/apicultores-de-carnaiba-regiao-estao-prejudicados-por-falta-de-energia-em-sua-unidade-de-beneficiamento-de-mel\\\/#breadcrumb\",\"itemListElement\":[{\"@type\":\"ListItem\",\"position\":1,\"name\":\"In\u00edcio\",\"item\":\"https:\\\/\\\/blogdoanchietaalves.blog.br\\\/wp\\\/\"},{\"@type\":\"ListItem\",\"position\":2,\"name\":\"Apicultores de Carna\u00edba Regi\u00e3o estao prejudicados por falta de energia em sua unidade de beneficiamento de mel.\"}]},{\"@type\":\"WebSite\",\"@id\":\"https:\\\/\\\/blogdoanchietaalves.blog.br\\\/wp\\\/#website\",\"url\":\"https:\\\/\\\/blogdoanchietaalves.blog.br\\\/wp\\\/\",\"name\":\"Blog do Anchieta Alves\",\"description\":\"As not\u00edcias que podem mudar sua vida!\",\"potentialAction\":[{\"@type\":\"SearchAction\",\"target\":{\"@type\":\"EntryPoint\",\"urlTemplate\":\"https:\\\/\\\/blogdoanchietaalves.blog.br\\\/wp\\\/?s={search_term_string}\"},\"query-input\":{\"@type\":\"PropertyValueSpecification\",\"valueRequired\":true,\"valueName\":\"search_term_string\"}}],\"inLanguage\":\"pt-BR\"},{\"@type\":\"Person\",\"@id\":\"https:\\\/\\\/blogdoanchietaalves.blog.br\\\/wp\\\/#\\\/schema\\\/person\\\/f33cc191c52a0435a7015f7f37ea0dcb\",\"name\":\"Anchieta Alves\",\"image\":{\"@type\":\"ImageObject\",\"inLanguage\":\"pt-BR\",\"@id\":\"https:\\\/\\\/secure.gravatar.com\\\/avatar\\\/c48ad92202ed1c12985ebb9f2fe0c8cf6d873a4bd054b7797f187d20da85e011?s=96&d=mm&r=g\",\"url\":\"https:\\\/\\\/secure.gravatar.com\\\/avatar\\\/c48ad92202ed1c12985ebb9f2fe0c8cf6d873a4bd054b7797f187d20da85e011?s=96&d=mm&r=g\",\"contentUrl\":\"https:\\\/\\\/secure.gravatar.com\\\/avatar\\\/c48ad92202ed1c12985ebb9f2fe0c8cf6d873a4bd054b7797f187d20da85e011?s=96&d=mm&r=g\",\"caption\":\"Anchieta Alves\"},\"sameAs\":[\"http:\\\/\\\/blogdoanchietaalves.blog.br\"],\"url\":\"https:\\\/\\\/blogdoanchietaalves.blog.br\\\/wp\\\/author\\\/anchieta\\\/\"}]}<\/script>\n<!-- \/ Yoast SEO plugin. -->","yoast_head_json":{"title":"Apicultores de Carna\u00edba Regi\u00e3o estao prejudicados por falta de energia em sua unidade de beneficiamento de mel. - Blog do Anchieta Alves","robots":{"index":"index","follow":"follow","max-snippet":"max-snippet:-1","max-image-preview":"max-image-preview:large","max-video-preview":"max-video-preview:-1"},"canonical":"https:\/\/blogdoanchietaalves.blog.br\/wp\/apicultores-de-carnaiba-regiao-estao-prejudicados-por-falta-de-energia-em-sua-unidade-de-beneficiamento-de-mel\/","og_locale":"pt_BR","og_type":"article","og_title":"Apicultores de Carna\u00edba Regi\u00e3o estao prejudicados por falta de energia em sua unidade de beneficiamento de mel. - Blog do Anchieta Alves","og_description":"Os apicultores de Carna\u00edba e Regi\u00e3o est\u00e3o sendo prejudicados com a falta de energia na unidade de extra\u00e7\u00e3o e beneficiamento de mel, a v\u00e1rios dias que est\u00e1 faltando energia da unidade de beneficiamento de mel, os apicultores est\u00e3o utilizando a centr\u00edfuga manual, a Celpe fa foi comunicada com v\u00e1rios protocolos e as equipes respons\u00e1veis n\u00e3o ... Ler mais","og_url":"https:\/\/blogdoanchietaalves.blog.br\/wp\/apicultores-de-carnaiba-regiao-estao-prejudicados-por-falta-de-energia-em-sua-unidade-de-beneficiamento-de-mel\/","og_site_name":"Blog do Anchieta Alves","article_published_time":"2026-04-21T21:55:16+00:00","author":"Anchieta Alves","twitter_card":"summary_large_image","twitter_misc":{"Escrito por":"Anchieta Alves","Est. tempo de leitura":"1 minuto"},"schema":{"@context":"https:\/\/schema.org","@graph":[{"@type":"Article","@id":"https:\/\/blogdoanchietaalves.blog.br\/wp\/apicultores-de-carnaiba-regiao-estao-prejudicados-por-falta-de-energia-em-sua-unidade-de-beneficiamento-de-mel\/#article","isPartOf":{"@id":"https:\/\/blogdoanchietaalves.blog.br\/wp\/apicultores-de-carnaiba-regiao-estao-prejudicados-por-falta-de-energia-em-sua-unidade-de-beneficiamento-de-mel\/"},"author":{"name":"Anchieta Alves","@id":"https:\/\/blogdoanchietaalves.blog.br\/wp\/#\/schema\/person\/f33cc191c52a0435a7015f7f37ea0dcb"},"headline":"Apicultores de Carna\u00edba Regi\u00e3o estao prejudicados por falta de energia em sua unidade de beneficiamento de mel.","datePublished":"2026-04-21T21:55:16+00:00","mainEntityOfPage":{"@id":"https:\/\/blogdoanchietaalves.blog.br\/wp\/apicultores-de-carnaiba-regiao-estao-prejudicados-por-falta-de-energia-em-sua-unidade-de-beneficiamento-de-mel\/"},"wordCount":99,"commentCount":0,"inLanguage":"pt-BR","potentialAction":[{"@type":"CommentAction","name":"Comment","target":["https:\/\/blogdoanchietaalves.blog.br\/wp\/apicultores-de-carnaiba-regiao-estao-prejudicados-por-falta-de-energia-em-sua-unidade-de-beneficiamento-de-mel\/#respond"]}]},{"@type":"WebPage","@id":"https:\/\/blogdoanchietaalves.blog.br\/wp\/apicultores-de-carnaiba-regiao-estao-prejudicados-por-falta-de-energia-em-sua-unidade-de-beneficiamento-de-mel\/","url":"https:\/\/blogdoanchietaalves.blog.br\/wp\/apicultores-de-carnaiba-regiao-estao-prejudicados-por-falta-de-energia-em-sua-unidade-de-beneficiamento-de-mel\/","name":"Apicultores de Carna\u00edba Regi\u00e3o estao prejudicados por falta de energia em sua unidade de beneficiamento de mel. - Blog do Anchieta Alves","isPartOf":{"@id":"https:\/\/blogdoanchietaalves.blog.br\/wp\/#website"},"datePublished":"2026-04-21T21:55:16+00:00","author":{"@id":"https:\/\/blogdoanchietaalves.blog.br\/wp\/#\/schema\/person\/f33cc191c52a0435a7015f7f37ea0dcb"},"breadcrumb":{"@id":"https:\/\/blogdoanchietaalves.blog.br\/wp\/apicultores-de-carnaiba-regiao-estao-prejudicados-por-falta-de-energia-em-sua-unidade-de-beneficiamento-de-mel\/#breadcrumb"},"inLanguage":"pt-BR","potentialAction":[{"@type":"ReadAction","target":["https:\/\/blogdoanchietaalves.blog.br\/wp\/apicultores-de-carnaiba-regiao-estao-prejudicados-por-falta-de-energia-em-sua-unidade-de-beneficiamento-de-mel\/"]}]},{"@type":"BreadcrumbList","@id":"https:\/\/blogdoanchietaalves.blog.br\/wp\/apicultores-de-carnaiba-regiao-estao-prejudicados-por-falta-de-energia-em-sua-unidade-de-beneficiamento-de-mel\/#breadcrumb","itemListElement":[{"@type":"ListItem","position":1,"name":"In\u00edcio","item":"https:\/\/blogdoanchietaalves.blog.br\/wp\/"},{"@type":"ListItem","position":2,"name":"Apicultores de Carna\u00edba Regi\u00e3o estao prejudicados por falta de energia em sua unidade de beneficiamento de mel."}]},{"@type":"WebSite","@id":"https:\/\/blogdoanchietaalves.blog.br\/wp\/#website","url":"https:\/\/blogdoanchietaalves.blog.br\/wp\/","name":"Blog do Anchieta Alves","description":"As not\u00edcias que podem mudar sua vida!","potentialAction":[{"@type":"SearchAction","target":{"@type":"EntryPoint","urlTemplate":"https:\/\/blogdoanchietaalves.blog.br\/wp\/?s={search_term_string}"},"query-input":{"@type":"PropertyValueSpecification","valueRequired":true,"valueName":"search_term_string"}}],"inLanguage":"pt-BR"},{"@type":"Person","@id":"https:\/\/blogdoanchietaalves.blog.br\/wp\/#\/schema\/person\/f33cc191c52a0435a7015f7f37ea0dcb","name":"Anchieta Alves","image":{"@type":"ImageObject","inLanguage":"pt-BR","@id":"https:\/\/secure.gravatar.com\/avatar\/c48ad92202ed1c12985ebb9f2fe0c8cf6d873a4bd054b7797f187d20da85e011?s=96&d=mm&r=g","url":"https:\/\/secure.gravatar.com\/avatar\/c48ad92202ed1c12985ebb9f2fe0c8cf6d873a4bd054b7797f187d20da85e011?s=96&d=mm&r=g","contentUrl":"https:\/\/secure.gravatar.com\/avatar\/c48ad92202ed1c12985ebb9f2fe0c8cf6d873a4bd054b7797f187d20da85e011?s=96&d=mm&r=g","caption":"Anchieta Alves"},"sameAs":["http:\/\/blogdoanchietaalves.blog.br"],"url":"https:\/\/blogdoanchietaalves.blog.br\/wp\/author\/anchieta\/"}]}},"_links":{"self":[{"href":"https:\/\/blogdoanchietaalves.blog.br\/wp\/wp-json\/wp\/v2\/posts\/5376","targetHints":{"allow":["GET"]}}],"collection":[{"href":"https:\/\/blogdoanchietaalves.blog.br\/wp\/wp-json\/wp\/v2\/posts"}],"about":[{"href":"https:\/\/blogdoanchietaalves.blog.br\/wp\/wp-json\/wp\/v2\/types\/post"}],"author":[{"embeddable":true,"href":"https:\/\/blogdoanchietaalves.blog.br\/wp\/wp-json\/wp\/v2\/users\/2"}],"replies":[{"embeddable":true,"href":"https:\/\/blogdoanchietaalves.blog.br\/wp\/wp-json\/wp\/v2\/comments?post=5376"}],"version-history":[{"count":1,"href":"https:\/\/blogdoanchietaalves.blog.br\/wp\/wp-json\/wp\/v2\/posts\/5376\/revisions"}],"predecessor-version":[{"id":5377,"href":"https:\/\/blogdoanchietaalves.blog.br\/wp\/wp-json\/wp\/v2\/posts\/5376\/revisions\/5377"}],"wp:attachment":[{"href":"https:\/\/blogdoanchietaalves.blog.br\/wp\/wp-json\/wp\/v2\/media?parent=5376"}],"wp:term":[{"taxonomy":"category","embeddable":true,"href":"https:\/\/blogdoanchietaalves.blog.br\/wp\/wp-json\/wp\/v2\/categories?post=5376"},{"taxonomy":"post_tag","embeddable":true,"href":"https:\/\/blogdoanchietaalves.blog.br\/wp\/wp-json\/wp\/v2\/tags?post=5376"}],"curies":[{"name":"wp","href":"https:\/\/api.w.org\/{rel}","templated":true}]}}