{"id":3003,"date":"2021-06-21T10:13:34","date_gmt":"2021-06-21T13:13:34","guid":{"rendered":"http:\/\/blogdoanchietaalves.blog.br\/wp\/?p=3003"},"modified":"2021-06-21T10:13:34","modified_gmt":"2021-06-21T13:13:34","slug":"beneficiarios-do-bolsa-familia-recebem-auxilio-emergencial","status":"publish","type":"post","link":"https:\/\/blogdoanchietaalves.blog.br\/wp\/beneficiarios-do-bolsa-familia-recebem-auxilio-emergencial\/","title":{"rendered":"Benefici\u00e1rios do Bolsa Fam\u00edlia recebem aux\u00edlio emergencial"},"content":{"rendered":"<p>\n\t<span style=\"color: rgb(51, 51, 51); font-family: &quot;source sans pro&quot;, Arial, Helvetica, sans-serif; font-size: 20px;\">O recebimento do aux&iacute;lio emergencial &eacute; realizado da mesma forma e nas mesmas datas do benef&iacute;cio regular para quem recebe o Bolsa Fam&iacute;lia. Para quem recebe por meio da Poupan&ccedil;a Social Digital, os recursos podem ser movimentados pelo aplicativo Caixa Tem e na rede lot&eacute;rica de todo o Brasil, ou sacados por meio do Cart&atilde;o Bolsa Fam&iacute;lia ou Cart&atilde;o Cidad&atilde;o<\/span><\/p>\n<p>\n\t&nbsp;<\/p>\n<p>\n\t<picture style=\"box-sizing: border-box; color: rgb(51, 51, 51); font-family: &quot;source sans pro&quot;, Arial, Helvetica, sans-serif; font-size: 20px;\"><img decoding=\"async\" alt=\"\" loading=\"lazy\" src=\"https:\/\/publisher-publish.s3.eu-central-1.amazonaws.com\/pb-brasil247\/swp\/jtjeq9\/media\/20200109110152_6e2184ae-015c-4c98-be8e-4ee054c598c4.jpeg\" style=\"box-sizing: border-box; border: 0px; vertical-align: middle; max-width: 100%; width: 822px; height: auto; display: block; margin: 0px auto;\" title=\" (Foto: Jefferson Rudy\/Ag\u00eancia Senado)\" \/><\/picture><figcaption style=\"box-sizing: border-box; line-height: 22.4px; font-family: &quot;source sans pro&quot;, Arial, Helvetica, sans-serif; font-size: 1.6rem; color: rgb(136, 136, 136); margin-top: 10px; font-weight: bold;\">\n<p>\n\t\t(Foto: Jefferson Rudy\/Ag&ecirc;ncia Senado)<\/p>\n<p style=\"box-sizing: border-box; margin-top: 0px; margin-right: 0px; margin-left: 0px; color: rgb(51, 51, 51); font-size: 20px; line-height: 32px; margin-bottom: 20px !important;\">\n\t\tA Caixa paga a terceira parcela do aux&iacute;lio emergencial 2021 para os benefici&aacute;rios que fazem parte do Bolsa Fam&iacute;lia com n&uacute;mero do NIS (N&uacute;mero de Identifica&ccedil;&atilde;o Social) final em 3, nesta segunda-feira (21).<\/p>\n<p style=\"box-sizing: border-box; margin-top: 0px; margin-right: 0px; margin-left: 0px; color: rgb(51, 51, 51); font-size: 20px; line-height: 32px; margin-bottom: 20px !important;\">\n\t\tO recebimento do aux&iacute;lio emergencial &eacute; realizado da mesma forma e nas mesmas datas do benef&iacute;cio regular para quem recebe o Bolsa Fam&iacute;lia. Para quem recebe por meio da Poupan&ccedil;a Social Digital, os recursos podem ser movimentados pelo aplicativo Caixa Tem e na rede lot&eacute;rica de todo o Brasil, ou sacados por meio do Cart&atilde;o Bolsa Fam&iacute;lia ou Cart&atilde;o Cidad&atilde;o.<\/p>\n<p style=\"box-sizing: border-box; margin-top: 0px; margin-right: 0px; margin-left: 0px; color: rgb(51, 51, 51); font-size: 20px; line-height: 32px; margin-bottom: 20px !important;\">\n\t\tO aux&iacute;lio emergencial foi criado em abril do ano passado pelo governo federal para atender pessoas vulner&aacute;veis afetadas pela pandemia de covid-19. Ele foi pago em cinco parcelas de R$ 600 ou R$ 1,2 mil para m&atilde;es chefes de fam&iacute;lia monoparental e, depois, estendido at&eacute; 31 de dezembro de 2020 em at&eacute; quatro parcelas de R$ 300 ou R$ 600 cada.<\/p>\n<p style=\"box-sizing: border-box; margin-top: 0px; margin-right: 0px; margin-left: 0px; color: rgb(51, 51, 51); font-size: 20px; line-height: 32px; margin-bottom: 20px !important;\">\n\t\tNeste ano, a nova rodada de pagamentos, durante quatro meses, prev&ecirc; parcelas de R$ 150 a R$ 375, dependendo do perfil: as fam&iacute;lias, em geral, recebem R$ 250; a fam&iacute;lia monoparental, chefiada por uma mulher, recebe R$ 375; e pessoas que moram sozinhas recebem R$ 150.<\/p>\n<\/figcaption>\n","protected":false},"excerpt":{"rendered":"<p>O recebimento do aux&iacute;lio emergencial &eacute; realizado da mesma forma e nas mesmas datas do benef&iacute;cio regular para quem recebe o Bolsa Fam&iacute;lia. Para quem recebe por meio da Poupan&ccedil;a Social Digital, os recursos podem ser movimentados pelo aplicativo Caixa Tem e na rede lot&eacute;rica de todo o Brasil, ou sacados por meio do Cart&atilde;o &#8230; <a title=\"Benefici\u00e1rios do Bolsa Fam\u00edlia recebem aux\u00edlio emergencial\" class=\"read-more\" href=\"https:\/\/blogdoanchietaalves.blog.br\/wp\/beneficiarios-do-bolsa-familia-recebem-auxilio-emergencial\/\" aria-label=\"Read more about Benefici\u00e1rios do Bolsa Fam\u00edlia recebem aux\u00edlio emergencial\">Ler mais<\/a><\/p>\n","protected":false},"author":1,"featured_media":0,"comment_status":"open","ping_status":"open","sticky":false,"template":"","format":"standard","meta":{"footnotes":""},"categories":[4],"tags":[],"class_list":["post-3003","post","type-post","status-publish","format-standard","hentry","category-noticias"],"yoast_head":"<!-- This site is optimized with the Yoast SEO plugin v28.4 - https:\/\/yoast.com\/product\/yoast-seo-wordpress\/ -->\n<title>Benefici\u00e1rios do Bolsa Fam\u00edlia recebem aux\u00edlio emergencial - Blog do Anchieta Alves<\/title>\n<meta name=\"robots\" content=\"index, follow, max-snippet:-1, max-image-preview:large, max-video-preview:-1\" \/>\n<link rel=\"canonical\" href=\"https:\/\/blogdoanchietaalves.blog.br\/wp\/beneficiarios-do-bolsa-familia-recebem-auxilio-emergencial\/\" \/>\n<meta property=\"og:locale\" content=\"pt_BR\" \/>\n<meta property=\"og:type\" content=\"article\" \/>\n<meta property=\"og:title\" content=\"Benefici\u00e1rios do Bolsa Fam\u00edlia recebem aux\u00edlio emergencial - Blog do Anchieta Alves\" \/>\n<meta property=\"og:description\" content=\"O recebimento do aux&iacute;lio emergencial &eacute; realizado da mesma forma e nas mesmas datas do benef&iacute;cio regular para quem recebe o Bolsa Fam&iacute;lia. Para quem recebe por meio da Poupan&ccedil;a Social Digital, os recursos podem ser movimentados pelo aplicativo Caixa Tem e na rede lot&eacute;rica de todo o Brasil, ou sacados por meio do Cart&atilde;o ... Ler mais\" \/>\n<meta property=\"og:url\" content=\"https:\/\/blogdoanchietaalves.blog.br\/wp\/beneficiarios-do-bolsa-familia-recebem-auxilio-emergencial\/\" \/>\n<meta property=\"og:site_name\" content=\"Blog do Anchieta Alves\" \/>\n<meta property=\"article:published_time\" content=\"2021-06-21T13:13:34+00:00\" \/>\n<meta property=\"og:image\" content=\"https:\/\/publisher-publish.s3.eu-central-1.amazonaws.com\/pb-brasil247\/swp\/jtjeq9\/media\/20200109110152_6e2184ae-015c-4c98-be8e-4ee054c598c4.jpeg\" \/>\n<meta name=\"author\" content=\"blogdoanchietaalves\" \/>\n<meta name=\"twitter:card\" content=\"summary_large_image\" \/>\n<meta name=\"twitter:label1\" content=\"Escrito por\" \/>\n\t<meta name=\"twitter:data1\" content=\"blogdoanchietaalves\" \/>\n\t<meta name=\"twitter:label2\" content=\"Est. tempo de leitura\" \/>\n\t<meta name=\"twitter:data2\" content=\"2 minutos\" \/>\n<script type=\"application\/ld+json\" class=\"yoast-schema-graph\">{\"@context\":\"https:\\\/\\\/schema.org\",\"@graph\":[{\"@type\":\"Article\",\"@id\":\"https:\\\/\\\/blogdoanchietaalves.blog.br\\\/wp\\\/beneficiarios-do-bolsa-familia-recebem-auxilio-emergencial\\\/#article\",\"isPartOf\":{\"@id\":\"https:\\\/\\\/blogdoanchietaalves.blog.br\\\/wp\\\/beneficiarios-do-bolsa-familia-recebem-auxilio-emergencial\\\/\"},\"author\":{\"name\":\"blogdoanchietaalves\",\"@id\":\"https:\\\/\\\/blogdoanchietaalves.blog.br\\\/wp\\\/#\\\/schema\\\/person\\\/2b4ed724ab4f5b355d6bbc2001029c6a\"},\"headline\":\"Benefici\u00e1rios do Bolsa Fam\u00edlia recebem aux\u00edlio emergencial\",\"datePublished\":\"2021-06-21T13:13:34+00:00\",\"mainEntityOfPage\":{\"@id\":\"https:\\\/\\\/blogdoanchietaalves.blog.br\\\/wp\\\/beneficiarios-do-bolsa-familia-recebem-auxilio-emergencial\\\/\"},\"wordCount\":328,\"commentCount\":0,\"image\":{\"@id\":\"https:\\\/\\\/blogdoanchietaalves.blog.br\\\/wp\\\/beneficiarios-do-bolsa-familia-recebem-auxilio-emergencial\\\/#primaryimage\"},\"thumbnailUrl\":\"https:\\\/\\\/publisher-publish.s3.eu-central-1.amazonaws.com\\\/pb-brasil247\\\/swp\\\/jtjeq9\\\/media\\\/20200109110152_6e2184ae-015c-4c98-be8e-4ee054c598c4.jpeg\",\"articleSection\":[\"Not\u00edcias\"],\"inLanguage\":\"pt-BR\",\"potentialAction\":[{\"@type\":\"CommentAction\",\"name\":\"Comment\",\"target\":[\"https:\\\/\\\/blogdoanchietaalves.blog.br\\\/wp\\\/beneficiarios-do-bolsa-familia-recebem-auxilio-emergencial\\\/#respond\"]}]},{\"@type\":\"WebPage\",\"@id\":\"https:\\\/\\\/blogdoanchietaalves.blog.br\\\/wp\\\/beneficiarios-do-bolsa-familia-recebem-auxilio-emergencial\\\/\",\"url\":\"https:\\\/\\\/blogdoanchietaalves.blog.br\\\/wp\\\/beneficiarios-do-bolsa-familia-recebem-auxilio-emergencial\\\/\",\"name\":\"Benefici\u00e1rios do Bolsa Fam\u00edlia recebem aux\u00edlio emergencial - Blog do Anchieta Alves\",\"isPartOf\":{\"@id\":\"https:\\\/\\\/blogdoanchietaalves.blog.br\\\/wp\\\/#website\"},\"primaryImageOfPage\":{\"@id\":\"https:\\\/\\\/blogdoanchietaalves.blog.br\\\/wp\\\/beneficiarios-do-bolsa-familia-recebem-auxilio-emergencial\\\/#primaryimage\"},\"image\":{\"@id\":\"https:\\\/\\\/blogdoanchietaalves.blog.br\\\/wp\\\/beneficiarios-do-bolsa-familia-recebem-auxilio-emergencial\\\/#primaryimage\"},\"thumbnailUrl\":\"https:\\\/\\\/publisher-publish.s3.eu-central-1.amazonaws.com\\\/pb-brasil247\\\/swp\\\/jtjeq9\\\/media\\\/20200109110152_6e2184ae-015c-4c98-be8e-4ee054c598c4.jpeg\",\"datePublished\":\"2021-06-21T13:13:34+00:00\",\"author\":{\"@id\":\"https:\\\/\\\/blogdoanchietaalves.blog.br\\\/wp\\\/#\\\/schema\\\/person\\\/2b4ed724ab4f5b355d6bbc2001029c6a\"},\"breadcrumb\":{\"@id\":\"https:\\\/\\\/blogdoanchietaalves.blog.br\\\/wp\\\/beneficiarios-do-bolsa-familia-recebem-auxilio-emergencial\\\/#breadcrumb\"},\"inLanguage\":\"pt-BR\",\"potentialAction\":[{\"@type\":\"ReadAction\",\"target\":[\"https:\\\/\\\/blogdoanchietaalves.blog.br\\\/wp\\\/beneficiarios-do-bolsa-familia-recebem-auxilio-emergencial\\\/\"]}]},{\"@type\":\"ImageObject\",\"inLanguage\":\"pt-BR\",\"@id\":\"https:\\\/\\\/blogdoanchietaalves.blog.br\\\/wp\\\/beneficiarios-do-bolsa-familia-recebem-auxilio-emergencial\\\/#primaryimage\",\"url\":\"https:\\\/\\\/publisher-publish.s3.eu-central-1.amazonaws.com\\\/pb-brasil247\\\/swp\\\/jtjeq9\\\/media\\\/20200109110152_6e2184ae-015c-4c98-be8e-4ee054c598c4.jpeg\",\"contentUrl\":\"https:\\\/\\\/publisher-publish.s3.eu-central-1.amazonaws.com\\\/pb-brasil247\\\/swp\\\/jtjeq9\\\/media\\\/20200109110152_6e2184ae-015c-4c98-be8e-4ee054c598c4.jpeg\"},{\"@type\":\"BreadcrumbList\",\"@id\":\"https:\\\/\\\/blogdoanchietaalves.blog.br\\\/wp\\\/beneficiarios-do-bolsa-familia-recebem-auxilio-emergencial\\\/#breadcrumb\",\"itemListElement\":[{\"@type\":\"ListItem\",\"position\":1,\"name\":\"In\u00edcio\",\"item\":\"https:\\\/\\\/blogdoanchietaalves.blog.br\\\/wp\\\/\"},{\"@type\":\"ListItem\",\"position\":2,\"name\":\"Benefici\u00e1rios do Bolsa Fam\u00edlia recebem aux\u00edlio emergencial\"}]},{\"@type\":\"WebSite\",\"@id\":\"https:\\\/\\\/blogdoanchietaalves.blog.br\\\/wp\\\/#website\",\"url\":\"https:\\\/\\\/blogdoanchietaalves.blog.br\\\/wp\\\/\",\"name\":\"Blog do Anchieta Alves\",\"description\":\"As not\u00edcias que podem mudar sua vida!\",\"potentialAction\":[{\"@type\":\"SearchAction\",\"target\":{\"@type\":\"EntryPoint\",\"urlTemplate\":\"https:\\\/\\\/blogdoanchietaalves.blog.br\\\/wp\\\/?s={search_term_string}\"},\"query-input\":{\"@type\":\"PropertyValueSpecification\",\"valueRequired\":true,\"valueName\":\"search_term_string\"}}],\"inLanguage\":\"pt-BR\"},{\"@type\":\"Person\",\"@id\":\"https:\\\/\\\/blogdoanchietaalves.blog.br\\\/wp\\\/#\\\/schema\\\/person\\\/2b4ed724ab4f5b355d6bbc2001029c6a\",\"name\":\"blogdoanchietaalves\",\"image\":{\"@type\":\"ImageObject\",\"inLanguage\":\"pt-BR\",\"@id\":\"https:\\\/\\\/secure.gravatar.com\\\/avatar\\\/d29f29e7e428447d484d815f68fc126b62db50e00d4b26fd11839096a7b2c1e4?s=96&d=mm&r=g\",\"url\":\"https:\\\/\\\/secure.gravatar.com\\\/avatar\\\/d29f29e7e428447d484d815f68fc126b62db50e00d4b26fd11839096a7b2c1e4?s=96&d=mm&r=g\",\"contentUrl\":\"https:\\\/\\\/secure.gravatar.com\\\/avatar\\\/d29f29e7e428447d484d815f68fc126b62db50e00d4b26fd11839096a7b2c1e4?s=96&d=mm&r=g\",\"caption\":\"blogdoanchietaalves\"},\"sameAs\":[\"http:\\\/\\\/blogdoanchietaalves.blog.br\\\/wp\"],\"url\":\"https:\\\/\\\/blogdoanchietaalves.blog.br\\\/wp\\\/author\\\/blogdoanchietaalves\\\/\"}]}<\/script>\n<!-- \/ Yoast SEO plugin. -->","yoast_head_json":{"title":"Benefici\u00e1rios do Bolsa Fam\u00edlia recebem aux\u00edlio emergencial - Blog do Anchieta Alves","robots":{"index":"index","follow":"follow","max-snippet":"max-snippet:-1","max-image-preview":"max-image-preview:large","max-video-preview":"max-video-preview:-1"},"canonical":"https:\/\/blogdoanchietaalves.blog.br\/wp\/beneficiarios-do-bolsa-familia-recebem-auxilio-emergencial\/","og_locale":"pt_BR","og_type":"article","og_title":"Benefici\u00e1rios do Bolsa Fam\u00edlia recebem aux\u00edlio emergencial - Blog do Anchieta Alves","og_description":"O recebimento do aux&iacute;lio emergencial &eacute; realizado da mesma forma e nas mesmas datas do benef&iacute;cio regular para quem recebe o Bolsa Fam&iacute;lia. Para quem recebe por meio da Poupan&ccedil;a Social Digital, os recursos podem ser movimentados pelo aplicativo Caixa Tem e na rede lot&eacute;rica de todo o Brasil, ou sacados por meio do Cart&atilde;o ... Ler mais","og_url":"https:\/\/blogdoanchietaalves.blog.br\/wp\/beneficiarios-do-bolsa-familia-recebem-auxilio-emergencial\/","og_site_name":"Blog do Anchieta Alves","article_published_time":"2021-06-21T13:13:34+00:00","og_image":[{"url":"https:\/\/publisher-publish.s3.eu-central-1.amazonaws.com\/pb-brasil247\/swp\/jtjeq9\/media\/20200109110152_6e2184ae-015c-4c98-be8e-4ee054c598c4.jpeg","type":"","width":"","height":""}],"author":"blogdoanchietaalves","twitter_card":"summary_large_image","twitter_misc":{"Escrito por":"blogdoanchietaalves","Est. tempo de leitura":"2 minutos"},"schema":{"@context":"https:\/\/schema.org","@graph":[{"@type":"Article","@id":"https:\/\/blogdoanchietaalves.blog.br\/wp\/beneficiarios-do-bolsa-familia-recebem-auxilio-emergencial\/#article","isPartOf":{"@id":"https:\/\/blogdoanchietaalves.blog.br\/wp\/beneficiarios-do-bolsa-familia-recebem-auxilio-emergencial\/"},"author":{"name":"blogdoanchietaalves","@id":"https:\/\/blogdoanchietaalves.blog.br\/wp\/#\/schema\/person\/2b4ed724ab4f5b355d6bbc2001029c6a"},"headline":"Benefici\u00e1rios do Bolsa Fam\u00edlia recebem aux\u00edlio emergencial","datePublished":"2021-06-21T13:13:34+00:00","mainEntityOfPage":{"@id":"https:\/\/blogdoanchietaalves.blog.br\/wp\/beneficiarios-do-bolsa-familia-recebem-auxilio-emergencial\/"},"wordCount":328,"commentCount":0,"image":{"@id":"https:\/\/blogdoanchietaalves.blog.br\/wp\/beneficiarios-do-bolsa-familia-recebem-auxilio-emergencial\/#primaryimage"},"thumbnailUrl":"https:\/\/publisher-publish.s3.eu-central-1.amazonaws.com\/pb-brasil247\/swp\/jtjeq9\/media\/20200109110152_6e2184ae-015c-4c98-be8e-4ee054c598c4.jpeg","articleSection":["Not\u00edcias"],"inLanguage":"pt-BR","potentialAction":[{"@type":"CommentAction","name":"Comment","target":["https:\/\/blogdoanchietaalves.blog.br\/wp\/beneficiarios-do-bolsa-familia-recebem-auxilio-emergencial\/#respond"]}]},{"@type":"WebPage","@id":"https:\/\/blogdoanchietaalves.blog.br\/wp\/beneficiarios-do-bolsa-familia-recebem-auxilio-emergencial\/","url":"https:\/\/blogdoanchietaalves.blog.br\/wp\/beneficiarios-do-bolsa-familia-recebem-auxilio-emergencial\/","name":"Benefici\u00e1rios do Bolsa Fam\u00edlia recebem aux\u00edlio emergencial - Blog do Anchieta Alves","isPartOf":{"@id":"https:\/\/blogdoanchietaalves.blog.br\/wp\/#website"},"primaryImageOfPage":{"@id":"https:\/\/blogdoanchietaalves.blog.br\/wp\/beneficiarios-do-bolsa-familia-recebem-auxilio-emergencial\/#primaryimage"},"image":{"@id":"https:\/\/blogdoanchietaalves.blog.br\/wp\/beneficiarios-do-bolsa-familia-recebem-auxilio-emergencial\/#primaryimage"},"thumbnailUrl":"https:\/\/publisher-publish.s3.eu-central-1.amazonaws.com\/pb-brasil247\/swp\/jtjeq9\/media\/20200109110152_6e2184ae-015c-4c98-be8e-4ee054c598c4.jpeg","datePublished":"2021-06-21T13:13:34+00:00","author":{"@id":"https:\/\/blogdoanchietaalves.blog.br\/wp\/#\/schema\/person\/2b4ed724ab4f5b355d6bbc2001029c6a"},"breadcrumb":{"@id":"https:\/\/blogdoanchietaalves.blog.br\/wp\/beneficiarios-do-bolsa-familia-recebem-auxilio-emergencial\/#breadcrumb"},"inLanguage":"pt-BR","potentialAction":[{"@type":"ReadAction","target":["https:\/\/blogdoanchietaalves.blog.br\/wp\/beneficiarios-do-bolsa-familia-recebem-auxilio-emergencial\/"]}]},{"@type":"ImageObject","inLanguage":"pt-BR","@id":"https:\/\/blogdoanchietaalves.blog.br\/wp\/beneficiarios-do-bolsa-familia-recebem-auxilio-emergencial\/#primaryimage","url":"https:\/\/publisher-publish.s3.eu-central-1.amazonaws.com\/pb-brasil247\/swp\/jtjeq9\/media\/20200109110152_6e2184ae-015c-4c98-be8e-4ee054c598c4.jpeg","contentUrl":"https:\/\/publisher-publish.s3.eu-central-1.amazonaws.com\/pb-brasil247\/swp\/jtjeq9\/media\/20200109110152_6e2184ae-015c-4c98-be8e-4ee054c598c4.jpeg"},{"@type":"BreadcrumbList","@id":"https:\/\/blogdoanchietaalves.blog.br\/wp\/beneficiarios-do-bolsa-familia-recebem-auxilio-emergencial\/#breadcrumb","itemListElement":[{"@type":"ListItem","position":1,"name":"In\u00edcio","item":"https:\/\/blogdoanchietaalves.blog.br\/wp\/"},{"@type":"ListItem","position":2,"name":"Benefici\u00e1rios do Bolsa Fam\u00edlia recebem aux\u00edlio emergencial"}]},{"@type":"WebSite","@id":"https:\/\/blogdoanchietaalves.blog.br\/wp\/#website","url":"https:\/\/blogdoanchietaalves.blog.br\/wp\/","name":"Blog do Anchieta Alves","description":"As not\u00edcias que podem mudar sua vida!","potentialAction":[{"@type":"SearchAction","target":{"@type":"EntryPoint","urlTemplate":"https:\/\/blogdoanchietaalves.blog.br\/wp\/?s={search_term_string}"},"query-input":{"@type":"PropertyValueSpecification","valueRequired":true,"valueName":"search_term_string"}}],"inLanguage":"pt-BR"},{"@type":"Person","@id":"https:\/\/blogdoanchietaalves.blog.br\/wp\/#\/schema\/person\/2b4ed724ab4f5b355d6bbc2001029c6a","name":"blogdoanchietaalves","image":{"@type":"ImageObject","inLanguage":"pt-BR","@id":"https:\/\/secure.gravatar.com\/avatar\/d29f29e7e428447d484d815f68fc126b62db50e00d4b26fd11839096a7b2c1e4?s=96&d=mm&r=g","url":"https:\/\/secure.gravatar.com\/avatar\/d29f29e7e428447d484d815f68fc126b62db50e00d4b26fd11839096a7b2c1e4?s=96&d=mm&r=g","contentUrl":"https:\/\/secure.gravatar.com\/avatar\/d29f29e7e428447d484d815f68fc126b62db50e00d4b26fd11839096a7b2c1e4?s=96&d=mm&r=g","caption":"blogdoanchietaalves"},"sameAs":["http:\/\/blogdoanchietaalves.blog.br\/wp"],"url":"https:\/\/blogdoanchietaalves.blog.br\/wp\/author\/blogdoanchietaalves\/"}]}},"_links":{"self":[{"href":"https:\/\/blogdoanchietaalves.blog.br\/wp\/wp-json\/wp\/v2\/posts\/3003","targetHints":{"allow":["GET"]}}],"collection":[{"href":"https:\/\/blogdoanchietaalves.blog.br\/wp\/wp-json\/wp\/v2\/posts"}],"about":[{"href":"https:\/\/blogdoanchietaalves.blog.br\/wp\/wp-json\/wp\/v2\/types\/post"}],"author":[{"embeddable":true,"href":"https:\/\/blogdoanchietaalves.blog.br\/wp\/wp-json\/wp\/v2\/users\/1"}],"replies":[{"embeddable":true,"href":"https:\/\/blogdoanchietaalves.blog.br\/wp\/wp-json\/wp\/v2\/comments?post=3003"}],"version-history":[{"count":0,"href":"https:\/\/blogdoanchietaalves.blog.br\/wp\/wp-json\/wp\/v2\/posts\/3003\/revisions"}],"wp:attachment":[{"href":"https:\/\/blogdoanchietaalves.blog.br\/wp\/wp-json\/wp\/v2\/media?parent=3003"}],"wp:term":[{"taxonomy":"category","embeddable":true,"href":"https:\/\/blogdoanchietaalves.blog.br\/wp\/wp-json\/wp\/v2\/categories?post=3003"},{"taxonomy":"post_tag","embeddable":true,"href":"https:\/\/blogdoanchietaalves.blog.br\/wp\/wp-json\/wp\/v2\/tags?post=3003"}],"curies":[{"name":"wp","href":"https:\/\/api.w.org\/{rel}","templated":true}]}}