{"id":296,"date":"2017-05-15T11:09:23","date_gmt":"2017-05-15T14:09:23","guid":{"rendered":"http:\/\/blogdoanchietaalves.blog.br\/wp\/?p=296"},"modified":"2017-05-15T11:09:23","modified_gmt":"2017-05-15T14:09:23","slug":"fetape-e-fetaepe-entregam-documentacao-contra-a-reforma-da-previdencia-na-assembleia-legislativa","status":"publish","type":"post","link":"https:\/\/blogdoanchietaalves.blog.br\/wp\/fetape-e-fetaepe-entregam-documentacao-contra-a-reforma-da-previdencia-na-assembleia-legislativa\/","title":{"rendered":"Fetape e Fetaepe entregam documenta\u00e7\u00e3o contra a Reforma da Previd\u00eancia na Assembleia Legislativa"},"content":{"rendered":"<p style=\"text-align: justify;\">\n\t<span style=\"font-size:16px;\">Nesta segunda-feira, &agrave;s 10h, a Federa&ccedil;&atilde;o dos Trabalhadores Rurais Agricultores e Agricultoras Familiares do Estado de Pernambuco (FETAPE) e a Federa&ccedil;&atilde;o dos Trabalhadores e Trabalhadoras Assalariados Rurais de Pernambuco (FETAEPE) estar&atilde;o entregando, &agrave; Comiss&atilde;o Especial da Previd&ecirc;ncia Social da Assembleia Legislativa, 53 Resolu&ccedil;&otilde;es e Mo&ccedil;&otilde;es contra &agrave; Reforma da Previd&ecirc;ncia, aprovadas por C&acirc;maras de Vereadores, durante Audi&ecirc;ncias P&uacute;blicas nos mun&iacute;cipios, al&eacute;m de um abaixo-assinado com mais de 28 mil assinaturas. A ideia &eacute; que essa documenta&ccedil;&atilde;o possa ser incorporada a um relat&oacute;rio da Comiss&atilde;o, que ser&aacute; enviado ao Congresso Nacional, mostrando a opini&atilde;o dos pernambucanos sobre o tema. Deputados federais e senadores do estado foram convidados para esse momento de entrega da documenta&ccedil;&atilde;o.<\/span><\/p>\n<p style=\"text-align: justify;\">\n\t&nbsp;<\/p>\n<p style=\"text-align: justify;\">\n\t<span style=\"font-size:16px;\">&ldquo;A nossa gente tem deixado bem claro: hoje, a decis&atilde;o sobre como votar &eacute; deles, mas, em 2018, ser&aacute; nossa. N&atilde;o se reeleger&atilde;o os deputados e senadores que contribu&iacute;rem com essa viola&ccedil;&atilde;o aos direitos da classe trabalhadora. E n&oacute;s, da FETAPE e dos Sindicatos, faremos o nosso papel, divulgando por todos os meios ao quais temos acesso os nomes e partidos de cada um e cada uma que votar a favor&rdquo;, afirma o presidente da FETAPE, Doriel Barros.<\/span><\/p>\n<p style=\"text-align: justify;\">\n\t&nbsp;<\/p>\n<p style=\"text-align: justify;\">\n\t<span style=\"font-size:16px;\">Pernambuco foi o estado que mais realizou Audi&ecirc;ncias P&uacute;blicas sobre a Reforma da Previd&ecirc;ncia. Ao todo, foram mais de 120, organizadas pelas C&acirc;maras, a partir de solicita&ccedil;&atilde;o dos Sindicatos filiados &agrave; FETAPE e FETAEPE em parceria com organiza&ccedil;&otilde;es e movimentos sociais e sindicais, a exemplo da CUT. Al&eacute;m disso, foram promovidos dezenas de atos p&uacute;blicos para cobrar dos deputados federais, especialmente os pernambucanos, que votem contra a PEC 287. A documenta&ccedil;&atilde;o que ser&aacute; entregue &agrave; Assembleia foi a que chegou a tempo na sede das duas Federa&ccedil;&otilde;es. Por&eacute;m, outras resolu&ccedil;&otilde;es e mo&ccedil;&otilde;es e mais assinaturas do abaixo-assinado v&atilde;o ser enviadas diretamente dos munic&iacute;pios ao Congresso Nacional.<\/span><\/p>\n<p style=\"text-align: justify;\">\n\t&nbsp;<\/p>\n<p style=\"text-align: justify;\">\n\t<span style=\"font-size:16px;\">&ldquo;As audi&ecirc;ncias p&uacute;blicas possibilitaram um grande debate com os vereadores e com a sociedade em geral, fazendo com que todos e todas tivessem acesso a informa&ccedil;&otilde;es sobre a proposta do Governo Federal, que s&oacute; vem a prejudicar os trabalhadores. Nesse sentido, os nossos Sindicatos tiveram uma import&acirc;ncia enorme nesse processo, assim como na Greve Geral do dia 28 de abril, que foi a maior dos &uacute;ltimos tempos&rdquo;, lembra o vice-presidente da FETAPE, Paulo Roberto Rodrigues, que coordena o Setor de Pol&iacute;ticas Sociais da Federa&ccedil;&atilde;o.<\/span><\/p>\n<p style=\"text-align: justify;\">\n\t&nbsp;<\/p>\n<p style=\"text-align: justify;\">\n\t<span style=\"font-size:16px;\">Durante as audi&ecirc;ncias, diferentes expositores apresentaram os impactos que essa Reforma ter&aacute; na vida dos trabalhadores e trabalhadoras, especialmente os rurais, sem contar os preju&iacute;zos que ela provocar&aacute; na economia dos munic&iacute;pios. Aumento da idade m&iacute;nima e do tempo m&iacute;nimo de contribui&ccedil;&atilde;o, e valor fixo mensal de contribui&ccedil;&atilde;o para os trabalhadores e trabalhadoras rurais est&atilde;o entre os temas que mais mexer&atilde;o negativamente com a vida dos homens e mulheres do campo.<\/span><\/p>\n<p style=\"text-align: justify;\">\n\t&nbsp;<\/p>\n<p style=\"text-align: justify;\">\n\t<span style=\"font-size:16px;\">O presidente da FETAEPE, Gilvan Jos&eacute; Antunis, espera que &ldquo;a entrega dessa documenta&ccedil;&atilde;o possa fazer com que os deputados federais pensem melhor antes do dia da vota&ccedil;&atilde;o, e que aqueles que pretendem votar nos interesses do governo, mudem de ideia e votem pelos trabalhadores&rdquo;.<\/span><\/p>\n<p style=\"text-align: justify;\">\n\t&nbsp;<\/p>\n<p style=\"text-align: justify;\">\n\t<span style=\"font-size:16px;\">Al&eacute;m das a&ccedil;&otilde;es no &acirc;mbito estadual, a FETAPE tem participado de v&aacute;rias mobiliza&ccedil;&otilde;es em n&iacute;vel nacional, juntamente com as Federa&ccedil;&otilde;es de outros estados e a Contag, visando chamar a aten&ccedil;&atilde;o do Congresso Nacional sobre a necessidade de escutar o clamor por &ldquo;nenhum direito a menos&rdquo;, que est&aacute; vindo das ruas, e sobre o desservi&ccedil;o &agrave; sociedade que eles cometer&atilde;o se votarem a favor da PEC 287.&nbsp;<\/span><\/p>\n","protected":false},"excerpt":{"rendered":"<p>Nesta segunda-feira, &agrave;s 10h, a Federa&ccedil;&atilde;o dos Trabalhadores Rurais Agricultores e Agricultoras Familiares do Estado de Pernambuco (FETAPE) e a Federa&ccedil;&atilde;o dos Trabalhadores e Trabalhadoras Assalariados Rurais de Pernambuco (FETAEPE) estar&atilde;o entregando, &agrave; Comiss&atilde;o Especial da Previd&ecirc;ncia Social da Assembleia Legislativa, 53 Resolu&ccedil;&otilde;es e Mo&ccedil;&otilde;es contra &agrave; Reforma da Previd&ecirc;ncia, aprovadas por C&acirc;maras de Vereadores, &#8230; <a title=\"Fetape e Fetaepe entregam documenta\u00e7\u00e3o contra a Reforma da Previd\u00eancia na Assembleia Legislativa\" class=\"read-more\" href=\"https:\/\/blogdoanchietaalves.blog.br\/wp\/fetape-e-fetaepe-entregam-documentacao-contra-a-reforma-da-previdencia-na-assembleia-legislativa\/\" aria-label=\"Read more about Fetape e Fetaepe entregam documenta\u00e7\u00e3o contra a Reforma da Previd\u00eancia na Assembleia Legislativa\">Ler mais<\/a><\/p>\n","protected":false},"author":1,"featured_media":0,"comment_status":"open","ping_status":"open","sticky":false,"template":"","format":"standard","meta":{"footnotes":""},"categories":[4],"tags":[],"class_list":["post-296","post","type-post","status-publish","format-standard","hentry","category-noticias"],"yoast_head":"<!-- This site is optimized with the Yoast SEO plugin v28.4 - https:\/\/yoast.com\/product\/yoast-seo-wordpress\/ -->\n<title>Fetape e Fetaepe entregam documenta\u00e7\u00e3o contra a Reforma da Previd\u00eancia na Assembleia Legislativa - Blog do Anchieta Alves<\/title>\n<meta name=\"robots\" content=\"index, follow, max-snippet:-1, max-image-preview:large, max-video-preview:-1\" \/>\n<link rel=\"canonical\" href=\"https:\/\/blogdoanchietaalves.blog.br\/wp\/fetape-e-fetaepe-entregam-documentacao-contra-a-reforma-da-previdencia-na-assembleia-legislativa\/\" \/>\n<meta property=\"og:locale\" content=\"pt_BR\" \/>\n<meta property=\"og:type\" content=\"article\" \/>\n<meta property=\"og:title\" content=\"Fetape e Fetaepe entregam documenta\u00e7\u00e3o contra a Reforma da Previd\u00eancia na Assembleia Legislativa - Blog do Anchieta Alves\" \/>\n<meta property=\"og:description\" content=\"Nesta segunda-feira, &agrave;s 10h, a Federa&ccedil;&atilde;o dos Trabalhadores Rurais Agricultores e Agricultoras Familiares do Estado de Pernambuco (FETAPE) e a Federa&ccedil;&atilde;o dos Trabalhadores e Trabalhadoras Assalariados Rurais de Pernambuco (FETAEPE) estar&atilde;o entregando, &agrave; Comiss&atilde;o Especial da Previd&ecirc;ncia Social da Assembleia Legislativa, 53 Resolu&ccedil;&otilde;es e Mo&ccedil;&otilde;es contra &agrave; Reforma da Previd&ecirc;ncia, aprovadas por C&acirc;maras de Vereadores, ... Ler mais\" \/>\n<meta property=\"og:url\" content=\"https:\/\/blogdoanchietaalves.blog.br\/wp\/fetape-e-fetaepe-entregam-documentacao-contra-a-reforma-da-previdencia-na-assembleia-legislativa\/\" \/>\n<meta property=\"og:site_name\" content=\"Blog do Anchieta Alves\" \/>\n<meta property=\"article:published_time\" content=\"2017-05-15T14:09:23+00:00\" \/>\n<meta name=\"author\" content=\"blogdoanchietaalves\" \/>\n<meta name=\"twitter:card\" content=\"summary_large_image\" \/>\n<meta name=\"twitter:label1\" content=\"Escrito por\" \/>\n\t<meta name=\"twitter:data1\" content=\"blogdoanchietaalves\" \/>\n\t<meta name=\"twitter:label2\" content=\"Est. tempo de leitura\" \/>\n\t<meta name=\"twitter:data2\" content=\"4 minutos\" \/>\n<script type=\"application\/ld+json\" class=\"yoast-schema-graph\">{\"@context\":\"https:\\\/\\\/schema.org\",\"@graph\":[{\"@type\":\"Article\",\"@id\":\"https:\\\/\\\/blogdoanchietaalves.blog.br\\\/wp\\\/fetape-e-fetaepe-entregam-documentacao-contra-a-reforma-da-previdencia-na-assembleia-legislativa\\\/#article\",\"isPartOf\":{\"@id\":\"https:\\\/\\\/blogdoanchietaalves.blog.br\\\/wp\\\/fetape-e-fetaepe-entregam-documentacao-contra-a-reforma-da-previdencia-na-assembleia-legislativa\\\/\"},\"author\":{\"name\":\"blogdoanchietaalves\",\"@id\":\"https:\\\/\\\/blogdoanchietaalves.blog.br\\\/wp\\\/#\\\/schema\\\/person\\\/2b4ed724ab4f5b355d6bbc2001029c6a\"},\"headline\":\"Fetape e Fetaepe entregam documenta\u00e7\u00e3o contra a Reforma da Previd\u00eancia na Assembleia Legislativa\",\"datePublished\":\"2017-05-15T14:09:23+00:00\",\"mainEntityOfPage\":{\"@id\":\"https:\\\/\\\/blogdoanchietaalves.blog.br\\\/wp\\\/fetape-e-fetaepe-entregam-documentacao-contra-a-reforma-da-previdencia-na-assembleia-legislativa\\\/\"},\"wordCount\":749,\"commentCount\":0,\"articleSection\":[\"Not\u00edcias\"],\"inLanguage\":\"pt-BR\",\"potentialAction\":[{\"@type\":\"CommentAction\",\"name\":\"Comment\",\"target\":[\"https:\\\/\\\/blogdoanchietaalves.blog.br\\\/wp\\\/fetape-e-fetaepe-entregam-documentacao-contra-a-reforma-da-previdencia-na-assembleia-legislativa\\\/#respond\"]}]},{\"@type\":\"WebPage\",\"@id\":\"https:\\\/\\\/blogdoanchietaalves.blog.br\\\/wp\\\/fetape-e-fetaepe-entregam-documentacao-contra-a-reforma-da-previdencia-na-assembleia-legislativa\\\/\",\"url\":\"https:\\\/\\\/blogdoanchietaalves.blog.br\\\/wp\\\/fetape-e-fetaepe-entregam-documentacao-contra-a-reforma-da-previdencia-na-assembleia-legislativa\\\/\",\"name\":\"Fetape e Fetaepe entregam documenta\u00e7\u00e3o contra a Reforma da Previd\u00eancia na Assembleia Legislativa - Blog do Anchieta Alves\",\"isPartOf\":{\"@id\":\"https:\\\/\\\/blogdoanchietaalves.blog.br\\\/wp\\\/#website\"},\"datePublished\":\"2017-05-15T14:09:23+00:00\",\"author\":{\"@id\":\"https:\\\/\\\/blogdoanchietaalves.blog.br\\\/wp\\\/#\\\/schema\\\/person\\\/2b4ed724ab4f5b355d6bbc2001029c6a\"},\"breadcrumb\":{\"@id\":\"https:\\\/\\\/blogdoanchietaalves.blog.br\\\/wp\\\/fetape-e-fetaepe-entregam-documentacao-contra-a-reforma-da-previdencia-na-assembleia-legislativa\\\/#breadcrumb\"},\"inLanguage\":\"pt-BR\",\"potentialAction\":[{\"@type\":\"ReadAction\",\"target\":[\"https:\\\/\\\/blogdoanchietaalves.blog.br\\\/wp\\\/fetape-e-fetaepe-entregam-documentacao-contra-a-reforma-da-previdencia-na-assembleia-legislativa\\\/\"]}]},{\"@type\":\"BreadcrumbList\",\"@id\":\"https:\\\/\\\/blogdoanchietaalves.blog.br\\\/wp\\\/fetape-e-fetaepe-entregam-documentacao-contra-a-reforma-da-previdencia-na-assembleia-legislativa\\\/#breadcrumb\",\"itemListElement\":[{\"@type\":\"ListItem\",\"position\":1,\"name\":\"In\u00edcio\",\"item\":\"https:\\\/\\\/blogdoanchietaalves.blog.br\\\/wp\\\/\"},{\"@type\":\"ListItem\",\"position\":2,\"name\":\"Fetape e Fetaepe entregam documenta\u00e7\u00e3o contra a Reforma da Previd\u00eancia na Assembleia Legislativa\"}]},{\"@type\":\"WebSite\",\"@id\":\"https:\\\/\\\/blogdoanchietaalves.blog.br\\\/wp\\\/#website\",\"url\":\"https:\\\/\\\/blogdoanchietaalves.blog.br\\\/wp\\\/\",\"name\":\"Blog do Anchieta Alves\",\"description\":\"As not\u00edcias que podem mudar sua vida!\",\"potentialAction\":[{\"@type\":\"SearchAction\",\"target\":{\"@type\":\"EntryPoint\",\"urlTemplate\":\"https:\\\/\\\/blogdoanchietaalves.blog.br\\\/wp\\\/?s={search_term_string}\"},\"query-input\":{\"@type\":\"PropertyValueSpecification\",\"valueRequired\":true,\"valueName\":\"search_term_string\"}}],\"inLanguage\":\"pt-BR\"},{\"@type\":\"Person\",\"@id\":\"https:\\\/\\\/blogdoanchietaalves.blog.br\\\/wp\\\/#\\\/schema\\\/person\\\/2b4ed724ab4f5b355d6bbc2001029c6a\",\"name\":\"blogdoanchietaalves\",\"image\":{\"@type\":\"ImageObject\",\"inLanguage\":\"pt-BR\",\"@id\":\"https:\\\/\\\/secure.gravatar.com\\\/avatar\\\/d29f29e7e428447d484d815f68fc126b62db50e00d4b26fd11839096a7b2c1e4?s=96&d=mm&r=g\",\"url\":\"https:\\\/\\\/secure.gravatar.com\\\/avatar\\\/d29f29e7e428447d484d815f68fc126b62db50e00d4b26fd11839096a7b2c1e4?s=96&d=mm&r=g\",\"contentUrl\":\"https:\\\/\\\/secure.gravatar.com\\\/avatar\\\/d29f29e7e428447d484d815f68fc126b62db50e00d4b26fd11839096a7b2c1e4?s=96&d=mm&r=g\",\"caption\":\"blogdoanchietaalves\"},\"sameAs\":[\"http:\\\/\\\/blogdoanchietaalves.blog.br\\\/wp\"],\"url\":\"https:\\\/\\\/blogdoanchietaalves.blog.br\\\/wp\\\/author\\\/blogdoanchietaalves\\\/\"}]}<\/script>\n<!-- \/ Yoast SEO plugin. -->","yoast_head_json":{"title":"Fetape e Fetaepe entregam documenta\u00e7\u00e3o contra a Reforma da Previd\u00eancia na Assembleia Legislativa - Blog do Anchieta Alves","robots":{"index":"index","follow":"follow","max-snippet":"max-snippet:-1","max-image-preview":"max-image-preview:large","max-video-preview":"max-video-preview:-1"},"canonical":"https:\/\/blogdoanchietaalves.blog.br\/wp\/fetape-e-fetaepe-entregam-documentacao-contra-a-reforma-da-previdencia-na-assembleia-legislativa\/","og_locale":"pt_BR","og_type":"article","og_title":"Fetape e Fetaepe entregam documenta\u00e7\u00e3o contra a Reforma da Previd\u00eancia na Assembleia Legislativa - Blog do Anchieta Alves","og_description":"Nesta segunda-feira, &agrave;s 10h, a Federa&ccedil;&atilde;o dos Trabalhadores Rurais Agricultores e Agricultoras Familiares do Estado de Pernambuco (FETAPE) e a Federa&ccedil;&atilde;o dos Trabalhadores e Trabalhadoras Assalariados Rurais de Pernambuco (FETAEPE) estar&atilde;o entregando, &agrave; Comiss&atilde;o Especial da Previd&ecirc;ncia Social da Assembleia Legislativa, 53 Resolu&ccedil;&otilde;es e Mo&ccedil;&otilde;es contra &agrave; Reforma da Previd&ecirc;ncia, aprovadas por C&acirc;maras de Vereadores, ... Ler mais","og_url":"https:\/\/blogdoanchietaalves.blog.br\/wp\/fetape-e-fetaepe-entregam-documentacao-contra-a-reforma-da-previdencia-na-assembleia-legislativa\/","og_site_name":"Blog do Anchieta Alves","article_published_time":"2017-05-15T14:09:23+00:00","author":"blogdoanchietaalves","twitter_card":"summary_large_image","twitter_misc":{"Escrito por":"blogdoanchietaalves","Est. tempo de leitura":"4 minutos"},"schema":{"@context":"https:\/\/schema.org","@graph":[{"@type":"Article","@id":"https:\/\/blogdoanchietaalves.blog.br\/wp\/fetape-e-fetaepe-entregam-documentacao-contra-a-reforma-da-previdencia-na-assembleia-legislativa\/#article","isPartOf":{"@id":"https:\/\/blogdoanchietaalves.blog.br\/wp\/fetape-e-fetaepe-entregam-documentacao-contra-a-reforma-da-previdencia-na-assembleia-legislativa\/"},"author":{"name":"blogdoanchietaalves","@id":"https:\/\/blogdoanchietaalves.blog.br\/wp\/#\/schema\/person\/2b4ed724ab4f5b355d6bbc2001029c6a"},"headline":"Fetape e Fetaepe entregam documenta\u00e7\u00e3o contra a Reforma da Previd\u00eancia na Assembleia Legislativa","datePublished":"2017-05-15T14:09:23+00:00","mainEntityOfPage":{"@id":"https:\/\/blogdoanchietaalves.blog.br\/wp\/fetape-e-fetaepe-entregam-documentacao-contra-a-reforma-da-previdencia-na-assembleia-legislativa\/"},"wordCount":749,"commentCount":0,"articleSection":["Not\u00edcias"],"inLanguage":"pt-BR","potentialAction":[{"@type":"CommentAction","name":"Comment","target":["https:\/\/blogdoanchietaalves.blog.br\/wp\/fetape-e-fetaepe-entregam-documentacao-contra-a-reforma-da-previdencia-na-assembleia-legislativa\/#respond"]}]},{"@type":"WebPage","@id":"https:\/\/blogdoanchietaalves.blog.br\/wp\/fetape-e-fetaepe-entregam-documentacao-contra-a-reforma-da-previdencia-na-assembleia-legislativa\/","url":"https:\/\/blogdoanchietaalves.blog.br\/wp\/fetape-e-fetaepe-entregam-documentacao-contra-a-reforma-da-previdencia-na-assembleia-legislativa\/","name":"Fetape e Fetaepe entregam documenta\u00e7\u00e3o contra a Reforma da Previd\u00eancia na Assembleia Legislativa - Blog do Anchieta Alves","isPartOf":{"@id":"https:\/\/blogdoanchietaalves.blog.br\/wp\/#website"},"datePublished":"2017-05-15T14:09:23+00:00","author":{"@id":"https:\/\/blogdoanchietaalves.blog.br\/wp\/#\/schema\/person\/2b4ed724ab4f5b355d6bbc2001029c6a"},"breadcrumb":{"@id":"https:\/\/blogdoanchietaalves.blog.br\/wp\/fetape-e-fetaepe-entregam-documentacao-contra-a-reforma-da-previdencia-na-assembleia-legislativa\/#breadcrumb"},"inLanguage":"pt-BR","potentialAction":[{"@type":"ReadAction","target":["https:\/\/blogdoanchietaalves.blog.br\/wp\/fetape-e-fetaepe-entregam-documentacao-contra-a-reforma-da-previdencia-na-assembleia-legislativa\/"]}]},{"@type":"BreadcrumbList","@id":"https:\/\/blogdoanchietaalves.blog.br\/wp\/fetape-e-fetaepe-entregam-documentacao-contra-a-reforma-da-previdencia-na-assembleia-legislativa\/#breadcrumb","itemListElement":[{"@type":"ListItem","position":1,"name":"In\u00edcio","item":"https:\/\/blogdoanchietaalves.blog.br\/wp\/"},{"@type":"ListItem","position":2,"name":"Fetape e Fetaepe entregam documenta\u00e7\u00e3o contra a Reforma da Previd\u00eancia na Assembleia Legislativa"}]},{"@type":"WebSite","@id":"https:\/\/blogdoanchietaalves.blog.br\/wp\/#website","url":"https:\/\/blogdoanchietaalves.blog.br\/wp\/","name":"Blog do Anchieta Alves","description":"As not\u00edcias que podem mudar sua vida!","potentialAction":[{"@type":"SearchAction","target":{"@type":"EntryPoint","urlTemplate":"https:\/\/blogdoanchietaalves.blog.br\/wp\/?s={search_term_string}"},"query-input":{"@type":"PropertyValueSpecification","valueRequired":true,"valueName":"search_term_string"}}],"inLanguage":"pt-BR"},{"@type":"Person","@id":"https:\/\/blogdoanchietaalves.blog.br\/wp\/#\/schema\/person\/2b4ed724ab4f5b355d6bbc2001029c6a","name":"blogdoanchietaalves","image":{"@type":"ImageObject","inLanguage":"pt-BR","@id":"https:\/\/secure.gravatar.com\/avatar\/d29f29e7e428447d484d815f68fc126b62db50e00d4b26fd11839096a7b2c1e4?s=96&d=mm&r=g","url":"https:\/\/secure.gravatar.com\/avatar\/d29f29e7e428447d484d815f68fc126b62db50e00d4b26fd11839096a7b2c1e4?s=96&d=mm&r=g","contentUrl":"https:\/\/secure.gravatar.com\/avatar\/d29f29e7e428447d484d815f68fc126b62db50e00d4b26fd11839096a7b2c1e4?s=96&d=mm&r=g","caption":"blogdoanchietaalves"},"sameAs":["http:\/\/blogdoanchietaalves.blog.br\/wp"],"url":"https:\/\/blogdoanchietaalves.blog.br\/wp\/author\/blogdoanchietaalves\/"}]}},"_links":{"self":[{"href":"https:\/\/blogdoanchietaalves.blog.br\/wp\/wp-json\/wp\/v2\/posts\/296","targetHints":{"allow":["GET"]}}],"collection":[{"href":"https:\/\/blogdoanchietaalves.blog.br\/wp\/wp-json\/wp\/v2\/posts"}],"about":[{"href":"https:\/\/blogdoanchietaalves.blog.br\/wp\/wp-json\/wp\/v2\/types\/post"}],"author":[{"embeddable":true,"href":"https:\/\/blogdoanchietaalves.blog.br\/wp\/wp-json\/wp\/v2\/users\/1"}],"replies":[{"embeddable":true,"href":"https:\/\/blogdoanchietaalves.blog.br\/wp\/wp-json\/wp\/v2\/comments?post=296"}],"version-history":[{"count":0,"href":"https:\/\/blogdoanchietaalves.blog.br\/wp\/wp-json\/wp\/v2\/posts\/296\/revisions"}],"wp:attachment":[{"href":"https:\/\/blogdoanchietaalves.blog.br\/wp\/wp-json\/wp\/v2\/media?parent=296"}],"wp:term":[{"taxonomy":"category","embeddable":true,"href":"https:\/\/blogdoanchietaalves.blog.br\/wp\/wp-json\/wp\/v2\/categories?post=296"},{"taxonomy":"post_tag","embeddable":true,"href":"https:\/\/blogdoanchietaalves.blog.br\/wp\/wp-json\/wp\/v2\/tags?post=296"}],"curies":[{"name":"wp","href":"https:\/\/api.w.org\/{rel}","templated":true}]}}