{"id":210,"date":"2017-04-23T16:14:42","date_gmt":"2017-04-23T19:14:42","guid":{"rendered":"http:\/\/blogdoanchietaalves.blog.br\/wp\/?p=210"},"modified":"2017-04-23T16:14:42","modified_gmt":"2017-04-23T19:14:42","slug":"representantesw-da-apic-e-da-coordenacao-do-colegiado-solicitaram-liberacao-do-projeto-de-apicultura-a-codevasf","status":"publish","type":"post","link":"https:\/\/blogdoanchietaalves.blog.br\/wp\/representantesw-da-apic-e-da-coordenacao-do-colegiado-solicitaram-liberacao-do-projeto-de-apicultura-a-codevasf\/","title":{"rendered":"REPRESENTANTES DA APIC E DA COORDENA\u00c7\u00c3O DO COLEGIADO SOLICITARAM LIBERA\u00c7\u00c3O DO PROJETO DE APICULTURA A CODEVASF"},"content":{"rendered":"<p style=\"text-align: justify;\">\n\t<span style=\"font-size:20px;\">Por ocasi&atilde;o da Reuni&atilde;o do CIMPAJEU, representantes da Associa&ccedil;&atilde;o dos Apicultores de Carnaiba e regi&atilde;o Luiz de Joel e Anchieta Alves coordena&ccedil;&atilde;o do colegiado, apresentaram oficios ao representante da CODEVASF, solicitando a libera&ccedil;&atilde;o do projeto que tramita a mais de 02 anos na CODEVASF, o represenatnte da CODEVASF informou aos Prefeitos e ao p&uacute;blico presente que APICULTURA &eacute; prioridade para a CODEVASF, o Prefeito de Carnaiba-PE Anchieta Patriota se colocou a disposi&ccedil;&atilde;o para apoiar o projeto, o projeto contemplar&aacute; os apicultores &nbsp;da AAPIC, com caixas para criar abelhas, macac&otilde;es, fumegadores, cera etc.<\/span><\/p>\n","protected":false},"excerpt":{"rendered":"<p>Por ocasi&atilde;o da Reuni&atilde;o do CIMPAJEU, representantes da Associa&ccedil;&atilde;o dos Apicultores de Carnaiba e regi&atilde;o Luiz de Joel e Anchieta Alves coordena&ccedil;&atilde;o do colegiado, apresentaram oficios ao representante da CODEVASF, solicitando a libera&ccedil;&atilde;o do projeto que tramita a mais de 02 anos na CODEVASF, o represenatnte da CODEVASF informou aos Prefeitos e ao p&uacute;blico presente &#8230; <a title=\"REPRESENTANTES DA APIC E DA COORDENA\u00c7\u00c3O DO COLEGIADO SOLICITARAM LIBERA\u00c7\u00c3O DO PROJETO DE APICULTURA A CODEVASF\" class=\"read-more\" href=\"https:\/\/blogdoanchietaalves.blog.br\/wp\/representantesw-da-apic-e-da-coordenacao-do-colegiado-solicitaram-liberacao-do-projeto-de-apicultura-a-codevasf\/\" aria-label=\"Read more about REPRESENTANTES DA APIC E DA COORDENA\u00c7\u00c3O DO COLEGIADO SOLICITARAM LIBERA\u00c7\u00c3O DO PROJETO DE APICULTURA A CODEVASF\">Ler mais<\/a><\/p>\n","protected":false},"author":1,"featured_media":0,"comment_status":"open","ping_status":"open","sticky":false,"template":"","format":"standard","meta":{"footnotes":""},"categories":[4],"tags":[],"class_list":["post-210","post","type-post","status-publish","format-standard","hentry","category-noticias"],"yoast_head":"<!-- This site is optimized with the Yoast SEO plugin v28.4 - https:\/\/yoast.com\/product\/yoast-seo-wordpress\/ -->\n<title>REPRESENTANTES DA APIC E DA COORDENA\u00c7\u00c3O DO COLEGIADO SOLICITARAM LIBERA\u00c7\u00c3O DO PROJETO DE APICULTURA A CODEVASF - Blog do Anchieta Alves<\/title>\n<meta name=\"robots\" content=\"index, follow, max-snippet:-1, max-image-preview:large, max-video-preview:-1\" \/>\n<link rel=\"canonical\" href=\"https:\/\/blogdoanchietaalves.blog.br\/wp\/representantesw-da-apic-e-da-coordenacao-do-colegiado-solicitaram-liberacao-do-projeto-de-apicultura-a-codevasf\/\" \/>\n<meta property=\"og:locale\" content=\"pt_BR\" \/>\n<meta property=\"og:type\" content=\"article\" \/>\n<meta property=\"og:title\" content=\"REPRESENTANTES DA APIC E DA COORDENA\u00c7\u00c3O DO COLEGIADO SOLICITARAM LIBERA\u00c7\u00c3O DO PROJETO DE APICULTURA A CODEVASF - Blog do Anchieta Alves\" \/>\n<meta property=\"og:description\" content=\"Por ocasi&atilde;o da Reuni&atilde;o do CIMPAJEU, representantes da Associa&ccedil;&atilde;o dos Apicultores de Carnaiba e regi&atilde;o Luiz de Joel e Anchieta Alves coordena&ccedil;&atilde;o do colegiado, apresentaram oficios ao representante da CODEVASF, solicitando a libera&ccedil;&atilde;o do projeto que tramita a mais de 02 anos na CODEVASF, o represenatnte da CODEVASF informou aos Prefeitos e ao p&uacute;blico presente ... Ler mais\" \/>\n<meta property=\"og:url\" content=\"https:\/\/blogdoanchietaalves.blog.br\/wp\/representantesw-da-apic-e-da-coordenacao-do-colegiado-solicitaram-liberacao-do-projeto-de-apicultura-a-codevasf\/\" \/>\n<meta property=\"og:site_name\" content=\"Blog do Anchieta Alves\" \/>\n<meta property=\"article:published_time\" content=\"2017-04-23T19:14:42+00:00\" \/>\n<meta name=\"author\" content=\"blogdoanchietaalves\" \/>\n<meta name=\"twitter:card\" content=\"summary_large_image\" \/>\n<meta name=\"twitter:label1\" content=\"Escrito por\" \/>\n\t<meta name=\"twitter:data1\" content=\"blogdoanchietaalves\" \/>\n\t<meta name=\"twitter:label2\" content=\"Est. tempo de leitura\" \/>\n\t<meta name=\"twitter:data2\" content=\"1 minuto\" \/>\n<script type=\"application\/ld+json\" class=\"yoast-schema-graph\">{\"@context\":\"https:\\\/\\\/schema.org\",\"@graph\":[{\"@type\":\"Article\",\"@id\":\"https:\\\/\\\/blogdoanchietaalves.blog.br\\\/wp\\\/representantesw-da-apic-e-da-coordenacao-do-colegiado-solicitaram-liberacao-do-projeto-de-apicultura-a-codevasf\\\/#article\",\"isPartOf\":{\"@id\":\"https:\\\/\\\/blogdoanchietaalves.blog.br\\\/wp\\\/representantesw-da-apic-e-da-coordenacao-do-colegiado-solicitaram-liberacao-do-projeto-de-apicultura-a-codevasf\\\/\"},\"author\":{\"name\":\"blogdoanchietaalves\",\"@id\":\"https:\\\/\\\/blogdoanchietaalves.blog.br\\\/wp\\\/#\\\/schema\\\/person\\\/2b4ed724ab4f5b355d6bbc2001029c6a\"},\"headline\":\"REPRESENTANTES DA APIC E DA COORDENA\u00c7\u00c3O DO COLEGIADO SOLICITARAM LIBERA\u00c7\u00c3O DO PROJETO DE APICULTURA A CODEVASF\",\"datePublished\":\"2017-04-23T19:14:42+00:00\",\"mainEntityOfPage\":{\"@id\":\"https:\\\/\\\/blogdoanchietaalves.blog.br\\\/wp\\\/representantesw-da-apic-e-da-coordenacao-do-colegiado-solicitaram-liberacao-do-projeto-de-apicultura-a-codevasf\\\/\"},\"wordCount\":133,\"commentCount\":0,\"articleSection\":[\"Not\u00edcias\"],\"inLanguage\":\"pt-BR\",\"potentialAction\":[{\"@type\":\"CommentAction\",\"name\":\"Comment\",\"target\":[\"https:\\\/\\\/blogdoanchietaalves.blog.br\\\/wp\\\/representantesw-da-apic-e-da-coordenacao-do-colegiado-solicitaram-liberacao-do-projeto-de-apicultura-a-codevasf\\\/#respond\"]}]},{\"@type\":\"WebPage\",\"@id\":\"https:\\\/\\\/blogdoanchietaalves.blog.br\\\/wp\\\/representantesw-da-apic-e-da-coordenacao-do-colegiado-solicitaram-liberacao-do-projeto-de-apicultura-a-codevasf\\\/\",\"url\":\"https:\\\/\\\/blogdoanchietaalves.blog.br\\\/wp\\\/representantesw-da-apic-e-da-coordenacao-do-colegiado-solicitaram-liberacao-do-projeto-de-apicultura-a-codevasf\\\/\",\"name\":\"REPRESENTANTES DA APIC E DA COORDENA\u00c7\u00c3O DO COLEGIADO SOLICITARAM LIBERA\u00c7\u00c3O DO PROJETO DE APICULTURA A CODEVASF - Blog do Anchieta Alves\",\"isPartOf\":{\"@id\":\"https:\\\/\\\/blogdoanchietaalves.blog.br\\\/wp\\\/#website\"},\"datePublished\":\"2017-04-23T19:14:42+00:00\",\"author\":{\"@id\":\"https:\\\/\\\/blogdoanchietaalves.blog.br\\\/wp\\\/#\\\/schema\\\/person\\\/2b4ed724ab4f5b355d6bbc2001029c6a\"},\"breadcrumb\":{\"@id\":\"https:\\\/\\\/blogdoanchietaalves.blog.br\\\/wp\\\/representantesw-da-apic-e-da-coordenacao-do-colegiado-solicitaram-liberacao-do-projeto-de-apicultura-a-codevasf\\\/#breadcrumb\"},\"inLanguage\":\"pt-BR\",\"potentialAction\":[{\"@type\":\"ReadAction\",\"target\":[\"https:\\\/\\\/blogdoanchietaalves.blog.br\\\/wp\\\/representantesw-da-apic-e-da-coordenacao-do-colegiado-solicitaram-liberacao-do-projeto-de-apicultura-a-codevasf\\\/\"]}]},{\"@type\":\"BreadcrumbList\",\"@id\":\"https:\\\/\\\/blogdoanchietaalves.blog.br\\\/wp\\\/representantesw-da-apic-e-da-coordenacao-do-colegiado-solicitaram-liberacao-do-projeto-de-apicultura-a-codevasf\\\/#breadcrumb\",\"itemListElement\":[{\"@type\":\"ListItem\",\"position\":1,\"name\":\"In\u00edcio\",\"item\":\"https:\\\/\\\/blogdoanchietaalves.blog.br\\\/wp\\\/\"},{\"@type\":\"ListItem\",\"position\":2,\"name\":\"REPRESENTANTES DA APIC E DA COORDENA\u00c7\u00c3O DO COLEGIADO SOLICITARAM LIBERA\u00c7\u00c3O DO PROJETO DE APICULTURA A CODEVASF\"}]},{\"@type\":\"WebSite\",\"@id\":\"https:\\\/\\\/blogdoanchietaalves.blog.br\\\/wp\\\/#website\",\"url\":\"https:\\\/\\\/blogdoanchietaalves.blog.br\\\/wp\\\/\",\"name\":\"Blog do Anchieta Alves\",\"description\":\"As not\u00edcias que podem mudar sua vida!\",\"potentialAction\":[{\"@type\":\"SearchAction\",\"target\":{\"@type\":\"EntryPoint\",\"urlTemplate\":\"https:\\\/\\\/blogdoanchietaalves.blog.br\\\/wp\\\/?s={search_term_string}\"},\"query-input\":{\"@type\":\"PropertyValueSpecification\",\"valueRequired\":true,\"valueName\":\"search_term_string\"}}],\"inLanguage\":\"pt-BR\"},{\"@type\":\"Person\",\"@id\":\"https:\\\/\\\/blogdoanchietaalves.blog.br\\\/wp\\\/#\\\/schema\\\/person\\\/2b4ed724ab4f5b355d6bbc2001029c6a\",\"name\":\"blogdoanchietaalves\",\"image\":{\"@type\":\"ImageObject\",\"inLanguage\":\"pt-BR\",\"@id\":\"https:\\\/\\\/secure.gravatar.com\\\/avatar\\\/d29f29e7e428447d484d815f68fc126b62db50e00d4b26fd11839096a7b2c1e4?s=96&d=mm&r=g\",\"url\":\"https:\\\/\\\/secure.gravatar.com\\\/avatar\\\/d29f29e7e428447d484d815f68fc126b62db50e00d4b26fd11839096a7b2c1e4?s=96&d=mm&r=g\",\"contentUrl\":\"https:\\\/\\\/secure.gravatar.com\\\/avatar\\\/d29f29e7e428447d484d815f68fc126b62db50e00d4b26fd11839096a7b2c1e4?s=96&d=mm&r=g\",\"caption\":\"blogdoanchietaalves\"},\"sameAs\":[\"http:\\\/\\\/blogdoanchietaalves.blog.br\\\/wp\"],\"url\":\"https:\\\/\\\/blogdoanchietaalves.blog.br\\\/wp\\\/author\\\/blogdoanchietaalves\\\/\"}]}<\/script>\n<!-- \/ Yoast SEO plugin. -->","yoast_head_json":{"title":"REPRESENTANTES DA APIC E DA COORDENA\u00c7\u00c3O DO COLEGIADO SOLICITARAM LIBERA\u00c7\u00c3O DO PROJETO DE APICULTURA A CODEVASF - Blog do Anchieta Alves","robots":{"index":"index","follow":"follow","max-snippet":"max-snippet:-1","max-image-preview":"max-image-preview:large","max-video-preview":"max-video-preview:-1"},"canonical":"https:\/\/blogdoanchietaalves.blog.br\/wp\/representantesw-da-apic-e-da-coordenacao-do-colegiado-solicitaram-liberacao-do-projeto-de-apicultura-a-codevasf\/","og_locale":"pt_BR","og_type":"article","og_title":"REPRESENTANTES DA APIC E DA COORDENA\u00c7\u00c3O DO COLEGIADO SOLICITARAM LIBERA\u00c7\u00c3O DO PROJETO DE APICULTURA A CODEVASF - Blog do Anchieta Alves","og_description":"Por ocasi&atilde;o da Reuni&atilde;o do CIMPAJEU, representantes da Associa&ccedil;&atilde;o dos Apicultores de Carnaiba e regi&atilde;o Luiz de Joel e Anchieta Alves coordena&ccedil;&atilde;o do colegiado, apresentaram oficios ao representante da CODEVASF, solicitando a libera&ccedil;&atilde;o do projeto que tramita a mais de 02 anos na CODEVASF, o represenatnte da CODEVASF informou aos Prefeitos e ao p&uacute;blico presente ... Ler mais","og_url":"https:\/\/blogdoanchietaalves.blog.br\/wp\/representantesw-da-apic-e-da-coordenacao-do-colegiado-solicitaram-liberacao-do-projeto-de-apicultura-a-codevasf\/","og_site_name":"Blog do Anchieta Alves","article_published_time":"2017-04-23T19:14:42+00:00","author":"blogdoanchietaalves","twitter_card":"summary_large_image","twitter_misc":{"Escrito por":"blogdoanchietaalves","Est. tempo de leitura":"1 minuto"},"schema":{"@context":"https:\/\/schema.org","@graph":[{"@type":"Article","@id":"https:\/\/blogdoanchietaalves.blog.br\/wp\/representantesw-da-apic-e-da-coordenacao-do-colegiado-solicitaram-liberacao-do-projeto-de-apicultura-a-codevasf\/#article","isPartOf":{"@id":"https:\/\/blogdoanchietaalves.blog.br\/wp\/representantesw-da-apic-e-da-coordenacao-do-colegiado-solicitaram-liberacao-do-projeto-de-apicultura-a-codevasf\/"},"author":{"name":"blogdoanchietaalves","@id":"https:\/\/blogdoanchietaalves.blog.br\/wp\/#\/schema\/person\/2b4ed724ab4f5b355d6bbc2001029c6a"},"headline":"REPRESENTANTES DA APIC E DA COORDENA\u00c7\u00c3O DO COLEGIADO SOLICITARAM LIBERA\u00c7\u00c3O DO PROJETO DE APICULTURA A CODEVASF","datePublished":"2017-04-23T19:14:42+00:00","mainEntityOfPage":{"@id":"https:\/\/blogdoanchietaalves.blog.br\/wp\/representantesw-da-apic-e-da-coordenacao-do-colegiado-solicitaram-liberacao-do-projeto-de-apicultura-a-codevasf\/"},"wordCount":133,"commentCount":0,"articleSection":["Not\u00edcias"],"inLanguage":"pt-BR","potentialAction":[{"@type":"CommentAction","name":"Comment","target":["https:\/\/blogdoanchietaalves.blog.br\/wp\/representantesw-da-apic-e-da-coordenacao-do-colegiado-solicitaram-liberacao-do-projeto-de-apicultura-a-codevasf\/#respond"]}]},{"@type":"WebPage","@id":"https:\/\/blogdoanchietaalves.blog.br\/wp\/representantesw-da-apic-e-da-coordenacao-do-colegiado-solicitaram-liberacao-do-projeto-de-apicultura-a-codevasf\/","url":"https:\/\/blogdoanchietaalves.blog.br\/wp\/representantesw-da-apic-e-da-coordenacao-do-colegiado-solicitaram-liberacao-do-projeto-de-apicultura-a-codevasf\/","name":"REPRESENTANTES DA APIC E DA COORDENA\u00c7\u00c3O DO COLEGIADO SOLICITARAM LIBERA\u00c7\u00c3O DO PROJETO DE APICULTURA A CODEVASF - Blog do Anchieta Alves","isPartOf":{"@id":"https:\/\/blogdoanchietaalves.blog.br\/wp\/#website"},"datePublished":"2017-04-23T19:14:42+00:00","author":{"@id":"https:\/\/blogdoanchietaalves.blog.br\/wp\/#\/schema\/person\/2b4ed724ab4f5b355d6bbc2001029c6a"},"breadcrumb":{"@id":"https:\/\/blogdoanchietaalves.blog.br\/wp\/representantesw-da-apic-e-da-coordenacao-do-colegiado-solicitaram-liberacao-do-projeto-de-apicultura-a-codevasf\/#breadcrumb"},"inLanguage":"pt-BR","potentialAction":[{"@type":"ReadAction","target":["https:\/\/blogdoanchietaalves.blog.br\/wp\/representantesw-da-apic-e-da-coordenacao-do-colegiado-solicitaram-liberacao-do-projeto-de-apicultura-a-codevasf\/"]}]},{"@type":"BreadcrumbList","@id":"https:\/\/blogdoanchietaalves.blog.br\/wp\/representantesw-da-apic-e-da-coordenacao-do-colegiado-solicitaram-liberacao-do-projeto-de-apicultura-a-codevasf\/#breadcrumb","itemListElement":[{"@type":"ListItem","position":1,"name":"In\u00edcio","item":"https:\/\/blogdoanchietaalves.blog.br\/wp\/"},{"@type":"ListItem","position":2,"name":"REPRESENTANTES DA APIC E DA COORDENA\u00c7\u00c3O DO COLEGIADO SOLICITARAM LIBERA\u00c7\u00c3O DO PROJETO DE APICULTURA A CODEVASF"}]},{"@type":"WebSite","@id":"https:\/\/blogdoanchietaalves.blog.br\/wp\/#website","url":"https:\/\/blogdoanchietaalves.blog.br\/wp\/","name":"Blog do Anchieta Alves","description":"As not\u00edcias que podem mudar sua vida!","potentialAction":[{"@type":"SearchAction","target":{"@type":"EntryPoint","urlTemplate":"https:\/\/blogdoanchietaalves.blog.br\/wp\/?s={search_term_string}"},"query-input":{"@type":"PropertyValueSpecification","valueRequired":true,"valueName":"search_term_string"}}],"inLanguage":"pt-BR"},{"@type":"Person","@id":"https:\/\/blogdoanchietaalves.blog.br\/wp\/#\/schema\/person\/2b4ed724ab4f5b355d6bbc2001029c6a","name":"blogdoanchietaalves","image":{"@type":"ImageObject","inLanguage":"pt-BR","@id":"https:\/\/secure.gravatar.com\/avatar\/d29f29e7e428447d484d815f68fc126b62db50e00d4b26fd11839096a7b2c1e4?s=96&d=mm&r=g","url":"https:\/\/secure.gravatar.com\/avatar\/d29f29e7e428447d484d815f68fc126b62db50e00d4b26fd11839096a7b2c1e4?s=96&d=mm&r=g","contentUrl":"https:\/\/secure.gravatar.com\/avatar\/d29f29e7e428447d484d815f68fc126b62db50e00d4b26fd11839096a7b2c1e4?s=96&d=mm&r=g","caption":"blogdoanchietaalves"},"sameAs":["http:\/\/blogdoanchietaalves.blog.br\/wp"],"url":"https:\/\/blogdoanchietaalves.blog.br\/wp\/author\/blogdoanchietaalves\/"}]}},"_links":{"self":[{"href":"https:\/\/blogdoanchietaalves.blog.br\/wp\/wp-json\/wp\/v2\/posts\/210","targetHints":{"allow":["GET"]}}],"collection":[{"href":"https:\/\/blogdoanchietaalves.blog.br\/wp\/wp-json\/wp\/v2\/posts"}],"about":[{"href":"https:\/\/blogdoanchietaalves.blog.br\/wp\/wp-json\/wp\/v2\/types\/post"}],"author":[{"embeddable":true,"href":"https:\/\/blogdoanchietaalves.blog.br\/wp\/wp-json\/wp\/v2\/users\/1"}],"replies":[{"embeddable":true,"href":"https:\/\/blogdoanchietaalves.blog.br\/wp\/wp-json\/wp\/v2\/comments?post=210"}],"version-history":[{"count":0,"href":"https:\/\/blogdoanchietaalves.blog.br\/wp\/wp-json\/wp\/v2\/posts\/210\/revisions"}],"wp:attachment":[{"href":"https:\/\/blogdoanchietaalves.blog.br\/wp\/wp-json\/wp\/v2\/media?parent=210"}],"wp:term":[{"taxonomy":"category","embeddable":true,"href":"https:\/\/blogdoanchietaalves.blog.br\/wp\/wp-json\/wp\/v2\/categories?post=210"},{"taxonomy":"post_tag","embeddable":true,"href":"https:\/\/blogdoanchietaalves.blog.br\/wp\/wp-json\/wp\/v2\/tags?post=210"}],"curies":[{"name":"wp","href":"https:\/\/api.w.org\/{rel}","templated":true}]}}