{"id":140,"date":"2017-03-31T11:17:02","date_gmt":"2017-03-31T14:17:02","guid":{"rendered":"http:\/\/blogdoanchietaalves.blog.br\/wp\/?p=140"},"modified":"2017-03-31T11:17:02","modified_gmt":"2017-03-31T14:17:02","slug":"exposicoes-marcam-50-anos-da-paixao-de-cristo-de-nova-jerusalem","status":"publish","type":"post","link":"https:\/\/blogdoanchietaalves.blog.br\/wp\/exposicoes-marcam-50-anos-da-paixao-de-cristo-de-nova-jerusalem\/","title":{"rendered":"Exposi\u00e7\u00f5es marcam 50 anos da  Paix\u00e3o de Cristo de Nova Jerusal\u00e9m"},"content":{"rendered":"<p style=\"text-align: justify;\">\n\t<span style=\"font-size:20px;\">Para comemorar os 50 anos do maior teatro ao ar livre do mundo, a Sociedade Teatral de Fazenda Nova (STFN), o Shopping Tacaruna, no Recife e o Polo Caruaru realizam duas exposi&ccedil;&otilde;es que contam a hist&oacute;ria de luta e suor de Pl&iacute;nio e Diva Pacheco para erguer a cidade-teatro.<\/span><\/p>\n<p style=\"text-align: justify;\">\n\t&nbsp;<\/p>\n<p style=\"text-align: justify;\">\n\t<span style=\"font-size:20px;\">No Polo Caruaru, a abertura da exposi&ccedil;&atilde;o acontece no pr&oacute;ximo domingo, dia 2, j&aacute; a partir das 9h da manh&atilde;, na pra&ccedil;a de eventos em frente ao Armaz&eacute;m da Criatividade. J&aacute; no Tacaruna, a abertura oficial acontece neste dia 03, &agrave;s 19h, com a presen&ccedil;a de personagens vivos, na Pra&ccedil;a de Eventos, e segue at&eacute; o dia 16.<\/span><\/p>\n<p style=\"text-align: justify;\">\n\t&nbsp;<\/p>\n<p style=\"text-align: justify;\">\n\t<span style=\"font-size:20px;\">Nos dois eventos estar&atilde;o em exposi&ccedil;&atilde;o objetos c&ecirc;nicos e pessoais, figurinos, fotografias e v&iacute;deos, al&eacute;m de uma maquete f&iacute;sica da Nova Jerusal&eacute;m, que levam o visitante por um percurso repleto de emo&ccedil;&atilde;o.&nbsp; &ldquo;N&atilde;o s&atilde;o objetos sagrados, mas objetos sacralizados pela sua pr&oacute;pria hist&oacute;ria. S&atilde;o pe&ccedil;as que narram a trajet&oacute;ria dessa epopeia do agreste pernambucano, que passa por gera&ccedil;&otilde;es da fam&iacute;lia do criador&rdquo;, adianta o curador da exposi&ccedil;&atilde;o Alu&iacute;zio C&acirc;mara.<\/span><\/p>\n<p style=\"text-align: justify;\">\n\t&nbsp;<\/p>\n<p style=\"text-align: justify;\">\n\t<span style=\"font-size:20px;\">Muitas novidades e um grande elenco esperam o p&uacute;blico que for assistir a Paix&atilde;o de Cristo de Nova Jerusal&eacute;m na temporada 2017, que ser&aacute; realizada de 8 a 15 de abril. Para marcar as comemora&ccedil;&otilde;es do jubileu de ouro, foram introduzidas novas cenas grandiosas, renovados os figurinos.<\/span><\/p>\n<p style=\"text-align: justify;\">\n\t&nbsp;<\/p>\n<p style=\"text-align: justify;\">\n\t<span style=\"font-size:20px;\">Al&eacute;m o elenco conta com artistas de destaque no cen&aacute;rio nacional como R&ocirc;mulo Arantes Neto (Jesus), Let&iacute;cia Birkheuer (Maria), Joaquim Lopes (Pilatos), Aline Riscado (Hero<\/span>d&iacute;ades), Adriana Birolli (Madalena), Raphael Vianna (Herodes) e Jesus Luz (Ap&oacute;stolo Jo&atilde;o).<\/p>\n<p>\n\t&nbsp;<\/p>\n<p>\n\tOs ingressos podem ser adquiridos em ag&ecirc;ncias de viagens ou por meio do site oficial (<a data-saferedirecturl=\"https:\/\/www.google.com\/url?hl=pt-BR&amp;q=http:\/\/www.novajerusalem.com.br&amp;source=gmail&amp;ust=1491055976168000&amp;usg=AFQjCNFNSjbnPmaKw6Cgkc4LBbWbCMU9GQ\" href=\"http:\/\/www.novajerusalem.com.br\/\" target=\"_blank\" rel=\"noopener\">www.novajerusalem.com.br<\/a>). Nas compras feitas pelo site, o valor do ingresso poder&aacute; ser parcelado em at&eacute; 12 vezes nos cart&otilde;es de cr&eacute;dito.<\/p>\n<p>\n\t&nbsp;<\/p>\n<p>\n\t<strong>Exposi&ccedil;&atilde;o 50 Anos da Paix&atilde;o de Cristo<\/strong><\/p>\n<p>\n\t&nbsp;<\/p>\n<p>\n\t<strong>Polo Caruaru<\/strong><\/p>\n<p>\n\tPer&iacute;odo: de 02 a 17 de abril de 2017<\/p>\n<p>\n\tHor&aacute;rio: das 9h &agrave;s 18h<\/p>\n<p>\n\tEntrada gratuita<\/p>\n<p>\n\t&nbsp;<\/p>\n<p>\n\t<strong>Shopping Tacaruna<\/strong><\/p>\n<p>\n\tPer&iacute;odo: 03 a 16 de abril de 2017<\/p>\n<p>\n\tHor&aacute;rio: 10h &agrave;s 22h<\/p>\n<p>\n\tEntrada gratuita&nbsp;<\/p>\n","protected":false},"excerpt":{"rendered":"<p>Para comemorar os 50 anos do maior teatro ao ar livre do mundo, a Sociedade Teatral de Fazenda Nova (STFN), o Shopping Tacaruna, no Recife e o Polo Caruaru realizam duas exposi&ccedil;&otilde;es que contam a hist&oacute;ria de luta e suor de Pl&iacute;nio e Diva Pacheco para erguer a cidade-teatro. &nbsp; No Polo Caruaru, a abertura &#8230; <a title=\"Exposi\u00e7\u00f5es marcam 50 anos da  Paix\u00e3o de Cristo de Nova Jerusal\u00e9m\" class=\"read-more\" href=\"https:\/\/blogdoanchietaalves.blog.br\/wp\/exposicoes-marcam-50-anos-da-paixao-de-cristo-de-nova-jerusalem\/\" aria-label=\"Read more about Exposi\u00e7\u00f5es marcam 50 anos da  Paix\u00e3o de Cristo de Nova Jerusal\u00e9m\">Ler mais<\/a><\/p>\n","protected":false},"author":1,"featured_media":0,"comment_status":"open","ping_status":"open","sticky":false,"template":"","format":"standard","meta":{"footnotes":""},"categories":[4],"tags":[],"class_list":["post-140","post","type-post","status-publish","format-standard","hentry","category-noticias"],"yoast_head":"<!-- This site is optimized with the Yoast SEO plugin v28.4 - https:\/\/yoast.com\/product\/yoast-seo-wordpress\/ -->\n<title>Exposi\u00e7\u00f5es marcam 50 anos da Paix\u00e3o de Cristo de Nova Jerusal\u00e9m - Blog do Anchieta Alves<\/title>\n<meta name=\"robots\" content=\"index, follow, max-snippet:-1, max-image-preview:large, max-video-preview:-1\" \/>\n<link rel=\"canonical\" href=\"https:\/\/blogdoanchietaalves.blog.br\/wp\/exposicoes-marcam-50-anos-da-paixao-de-cristo-de-nova-jerusalem\/\" \/>\n<meta property=\"og:locale\" content=\"pt_BR\" \/>\n<meta property=\"og:type\" content=\"article\" \/>\n<meta property=\"og:title\" content=\"Exposi\u00e7\u00f5es marcam 50 anos da Paix\u00e3o de Cristo de Nova Jerusal\u00e9m - Blog do Anchieta Alves\" \/>\n<meta property=\"og:description\" content=\"Para comemorar os 50 anos do maior teatro ao ar livre do mundo, a Sociedade Teatral de Fazenda Nova (STFN), o Shopping Tacaruna, no Recife e o Polo Caruaru realizam duas exposi&ccedil;&otilde;es que contam a hist&oacute;ria de luta e suor de Pl&iacute;nio e Diva Pacheco para erguer a cidade-teatro. &nbsp; No Polo Caruaru, a abertura ... Ler mais\" \/>\n<meta property=\"og:url\" content=\"https:\/\/blogdoanchietaalves.blog.br\/wp\/exposicoes-marcam-50-anos-da-paixao-de-cristo-de-nova-jerusalem\/\" \/>\n<meta property=\"og:site_name\" content=\"Blog do Anchieta Alves\" \/>\n<meta property=\"article:published_time\" content=\"2017-03-31T14:17:02+00:00\" \/>\n<meta name=\"author\" content=\"blogdoanchietaalves\" \/>\n<meta name=\"twitter:card\" content=\"summary_large_image\" \/>\n<meta name=\"twitter:label1\" content=\"Escrito por\" \/>\n\t<meta name=\"twitter:data1\" content=\"blogdoanchietaalves\" \/>\n\t<meta name=\"twitter:label2\" content=\"Est. tempo de leitura\" \/>\n\t<meta name=\"twitter:data2\" content=\"2 minutos\" \/>\n<script type=\"application\/ld+json\" class=\"yoast-schema-graph\">{\"@context\":\"https:\\\/\\\/schema.org\",\"@graph\":[{\"@type\":\"Article\",\"@id\":\"https:\\\/\\\/blogdoanchietaalves.blog.br\\\/wp\\\/exposicoes-marcam-50-anos-da-paixao-de-cristo-de-nova-jerusalem\\\/#article\",\"isPartOf\":{\"@id\":\"https:\\\/\\\/blogdoanchietaalves.blog.br\\\/wp\\\/exposicoes-marcam-50-anos-da-paixao-de-cristo-de-nova-jerusalem\\\/\"},\"author\":{\"name\":\"blogdoanchietaalves\",\"@id\":\"https:\\\/\\\/blogdoanchietaalves.blog.br\\\/wp\\\/#\\\/schema\\\/person\\\/2b4ed724ab4f5b355d6bbc2001029c6a\"},\"headline\":\"Exposi\u00e7\u00f5es marcam 50 anos da Paix\u00e3o de Cristo de Nova Jerusal\u00e9m\",\"datePublished\":\"2017-03-31T14:17:02+00:00\",\"mainEntityOfPage\":{\"@id\":\"https:\\\/\\\/blogdoanchietaalves.blog.br\\\/wp\\\/exposicoes-marcam-50-anos-da-paixao-de-cristo-de-nova-jerusalem\\\/\"},\"wordCount\":465,\"commentCount\":0,\"articleSection\":[\"Not\u00edcias\"],\"inLanguage\":\"pt-BR\",\"potentialAction\":[{\"@type\":\"CommentAction\",\"name\":\"Comment\",\"target\":[\"https:\\\/\\\/blogdoanchietaalves.blog.br\\\/wp\\\/exposicoes-marcam-50-anos-da-paixao-de-cristo-de-nova-jerusalem\\\/#respond\"]}]},{\"@type\":\"WebPage\",\"@id\":\"https:\\\/\\\/blogdoanchietaalves.blog.br\\\/wp\\\/exposicoes-marcam-50-anos-da-paixao-de-cristo-de-nova-jerusalem\\\/\",\"url\":\"https:\\\/\\\/blogdoanchietaalves.blog.br\\\/wp\\\/exposicoes-marcam-50-anos-da-paixao-de-cristo-de-nova-jerusalem\\\/\",\"name\":\"Exposi\u00e7\u00f5es marcam 50 anos da Paix\u00e3o de Cristo de Nova Jerusal\u00e9m - Blog do Anchieta Alves\",\"isPartOf\":{\"@id\":\"https:\\\/\\\/blogdoanchietaalves.blog.br\\\/wp\\\/#website\"},\"datePublished\":\"2017-03-31T14:17:02+00:00\",\"author\":{\"@id\":\"https:\\\/\\\/blogdoanchietaalves.blog.br\\\/wp\\\/#\\\/schema\\\/person\\\/2b4ed724ab4f5b355d6bbc2001029c6a\"},\"breadcrumb\":{\"@id\":\"https:\\\/\\\/blogdoanchietaalves.blog.br\\\/wp\\\/exposicoes-marcam-50-anos-da-paixao-de-cristo-de-nova-jerusalem\\\/#breadcrumb\"},\"inLanguage\":\"pt-BR\",\"potentialAction\":[{\"@type\":\"ReadAction\",\"target\":[\"https:\\\/\\\/blogdoanchietaalves.blog.br\\\/wp\\\/exposicoes-marcam-50-anos-da-paixao-de-cristo-de-nova-jerusalem\\\/\"]}]},{\"@type\":\"BreadcrumbList\",\"@id\":\"https:\\\/\\\/blogdoanchietaalves.blog.br\\\/wp\\\/exposicoes-marcam-50-anos-da-paixao-de-cristo-de-nova-jerusalem\\\/#breadcrumb\",\"itemListElement\":[{\"@type\":\"ListItem\",\"position\":1,\"name\":\"In\u00edcio\",\"item\":\"https:\\\/\\\/blogdoanchietaalves.blog.br\\\/wp\\\/\"},{\"@type\":\"ListItem\",\"position\":2,\"name\":\"Exposi\u00e7\u00f5es marcam 50 anos da Paix\u00e3o de Cristo de Nova Jerusal\u00e9m\"}]},{\"@type\":\"WebSite\",\"@id\":\"https:\\\/\\\/blogdoanchietaalves.blog.br\\\/wp\\\/#website\",\"url\":\"https:\\\/\\\/blogdoanchietaalves.blog.br\\\/wp\\\/\",\"name\":\"Blog do Anchieta Alves\",\"description\":\"As not\u00edcias que podem mudar sua vida!\",\"potentialAction\":[{\"@type\":\"SearchAction\",\"target\":{\"@type\":\"EntryPoint\",\"urlTemplate\":\"https:\\\/\\\/blogdoanchietaalves.blog.br\\\/wp\\\/?s={search_term_string}\"},\"query-input\":{\"@type\":\"PropertyValueSpecification\",\"valueRequired\":true,\"valueName\":\"search_term_string\"}}],\"inLanguage\":\"pt-BR\"},{\"@type\":\"Person\",\"@id\":\"https:\\\/\\\/blogdoanchietaalves.blog.br\\\/wp\\\/#\\\/schema\\\/person\\\/2b4ed724ab4f5b355d6bbc2001029c6a\",\"name\":\"blogdoanchietaalves\",\"image\":{\"@type\":\"ImageObject\",\"inLanguage\":\"pt-BR\",\"@id\":\"https:\\\/\\\/secure.gravatar.com\\\/avatar\\\/d29f29e7e428447d484d815f68fc126b62db50e00d4b26fd11839096a7b2c1e4?s=96&d=mm&r=g\",\"url\":\"https:\\\/\\\/secure.gravatar.com\\\/avatar\\\/d29f29e7e428447d484d815f68fc126b62db50e00d4b26fd11839096a7b2c1e4?s=96&d=mm&r=g\",\"contentUrl\":\"https:\\\/\\\/secure.gravatar.com\\\/avatar\\\/d29f29e7e428447d484d815f68fc126b62db50e00d4b26fd11839096a7b2c1e4?s=96&d=mm&r=g\",\"caption\":\"blogdoanchietaalves\"},\"sameAs\":[\"http:\\\/\\\/blogdoanchietaalves.blog.br\\\/wp\"],\"url\":\"https:\\\/\\\/blogdoanchietaalves.blog.br\\\/wp\\\/author\\\/blogdoanchietaalves\\\/\"}]}<\/script>\n<!-- \/ Yoast SEO plugin. -->","yoast_head_json":{"title":"Exposi\u00e7\u00f5es marcam 50 anos da Paix\u00e3o de Cristo de Nova Jerusal\u00e9m - Blog do Anchieta Alves","robots":{"index":"index","follow":"follow","max-snippet":"max-snippet:-1","max-image-preview":"max-image-preview:large","max-video-preview":"max-video-preview:-1"},"canonical":"https:\/\/blogdoanchietaalves.blog.br\/wp\/exposicoes-marcam-50-anos-da-paixao-de-cristo-de-nova-jerusalem\/","og_locale":"pt_BR","og_type":"article","og_title":"Exposi\u00e7\u00f5es marcam 50 anos da Paix\u00e3o de Cristo de Nova Jerusal\u00e9m - Blog do Anchieta Alves","og_description":"Para comemorar os 50 anos do maior teatro ao ar livre do mundo, a Sociedade Teatral de Fazenda Nova (STFN), o Shopping Tacaruna, no Recife e o Polo Caruaru realizam duas exposi&ccedil;&otilde;es que contam a hist&oacute;ria de luta e suor de Pl&iacute;nio e Diva Pacheco para erguer a cidade-teatro. &nbsp; No Polo Caruaru, a abertura ... Ler mais","og_url":"https:\/\/blogdoanchietaalves.blog.br\/wp\/exposicoes-marcam-50-anos-da-paixao-de-cristo-de-nova-jerusalem\/","og_site_name":"Blog do Anchieta Alves","article_published_time":"2017-03-31T14:17:02+00:00","author":"blogdoanchietaalves","twitter_card":"summary_large_image","twitter_misc":{"Escrito por":"blogdoanchietaalves","Est. tempo de leitura":"2 minutos"},"schema":{"@context":"https:\/\/schema.org","@graph":[{"@type":"Article","@id":"https:\/\/blogdoanchietaalves.blog.br\/wp\/exposicoes-marcam-50-anos-da-paixao-de-cristo-de-nova-jerusalem\/#article","isPartOf":{"@id":"https:\/\/blogdoanchietaalves.blog.br\/wp\/exposicoes-marcam-50-anos-da-paixao-de-cristo-de-nova-jerusalem\/"},"author":{"name":"blogdoanchietaalves","@id":"https:\/\/blogdoanchietaalves.blog.br\/wp\/#\/schema\/person\/2b4ed724ab4f5b355d6bbc2001029c6a"},"headline":"Exposi\u00e7\u00f5es marcam 50 anos da Paix\u00e3o de Cristo de Nova Jerusal\u00e9m","datePublished":"2017-03-31T14:17:02+00:00","mainEntityOfPage":{"@id":"https:\/\/blogdoanchietaalves.blog.br\/wp\/exposicoes-marcam-50-anos-da-paixao-de-cristo-de-nova-jerusalem\/"},"wordCount":465,"commentCount":0,"articleSection":["Not\u00edcias"],"inLanguage":"pt-BR","potentialAction":[{"@type":"CommentAction","name":"Comment","target":["https:\/\/blogdoanchietaalves.blog.br\/wp\/exposicoes-marcam-50-anos-da-paixao-de-cristo-de-nova-jerusalem\/#respond"]}]},{"@type":"WebPage","@id":"https:\/\/blogdoanchietaalves.blog.br\/wp\/exposicoes-marcam-50-anos-da-paixao-de-cristo-de-nova-jerusalem\/","url":"https:\/\/blogdoanchietaalves.blog.br\/wp\/exposicoes-marcam-50-anos-da-paixao-de-cristo-de-nova-jerusalem\/","name":"Exposi\u00e7\u00f5es marcam 50 anos da Paix\u00e3o de Cristo de Nova Jerusal\u00e9m - Blog do Anchieta Alves","isPartOf":{"@id":"https:\/\/blogdoanchietaalves.blog.br\/wp\/#website"},"datePublished":"2017-03-31T14:17:02+00:00","author":{"@id":"https:\/\/blogdoanchietaalves.blog.br\/wp\/#\/schema\/person\/2b4ed724ab4f5b355d6bbc2001029c6a"},"breadcrumb":{"@id":"https:\/\/blogdoanchietaalves.blog.br\/wp\/exposicoes-marcam-50-anos-da-paixao-de-cristo-de-nova-jerusalem\/#breadcrumb"},"inLanguage":"pt-BR","potentialAction":[{"@type":"ReadAction","target":["https:\/\/blogdoanchietaalves.blog.br\/wp\/exposicoes-marcam-50-anos-da-paixao-de-cristo-de-nova-jerusalem\/"]}]},{"@type":"BreadcrumbList","@id":"https:\/\/blogdoanchietaalves.blog.br\/wp\/exposicoes-marcam-50-anos-da-paixao-de-cristo-de-nova-jerusalem\/#breadcrumb","itemListElement":[{"@type":"ListItem","position":1,"name":"In\u00edcio","item":"https:\/\/blogdoanchietaalves.blog.br\/wp\/"},{"@type":"ListItem","position":2,"name":"Exposi\u00e7\u00f5es marcam 50 anos da Paix\u00e3o de Cristo de Nova Jerusal\u00e9m"}]},{"@type":"WebSite","@id":"https:\/\/blogdoanchietaalves.blog.br\/wp\/#website","url":"https:\/\/blogdoanchietaalves.blog.br\/wp\/","name":"Blog do Anchieta Alves","description":"As not\u00edcias que podem mudar sua vida!","potentialAction":[{"@type":"SearchAction","target":{"@type":"EntryPoint","urlTemplate":"https:\/\/blogdoanchietaalves.blog.br\/wp\/?s={search_term_string}"},"query-input":{"@type":"PropertyValueSpecification","valueRequired":true,"valueName":"search_term_string"}}],"inLanguage":"pt-BR"},{"@type":"Person","@id":"https:\/\/blogdoanchietaalves.blog.br\/wp\/#\/schema\/person\/2b4ed724ab4f5b355d6bbc2001029c6a","name":"blogdoanchietaalves","image":{"@type":"ImageObject","inLanguage":"pt-BR","@id":"https:\/\/secure.gravatar.com\/avatar\/d29f29e7e428447d484d815f68fc126b62db50e00d4b26fd11839096a7b2c1e4?s=96&d=mm&r=g","url":"https:\/\/secure.gravatar.com\/avatar\/d29f29e7e428447d484d815f68fc126b62db50e00d4b26fd11839096a7b2c1e4?s=96&d=mm&r=g","contentUrl":"https:\/\/secure.gravatar.com\/avatar\/d29f29e7e428447d484d815f68fc126b62db50e00d4b26fd11839096a7b2c1e4?s=96&d=mm&r=g","caption":"blogdoanchietaalves"},"sameAs":["http:\/\/blogdoanchietaalves.blog.br\/wp"],"url":"https:\/\/blogdoanchietaalves.blog.br\/wp\/author\/blogdoanchietaalves\/"}]}},"_links":{"self":[{"href":"https:\/\/blogdoanchietaalves.blog.br\/wp\/wp-json\/wp\/v2\/posts\/140","targetHints":{"allow":["GET"]}}],"collection":[{"href":"https:\/\/blogdoanchietaalves.blog.br\/wp\/wp-json\/wp\/v2\/posts"}],"about":[{"href":"https:\/\/blogdoanchietaalves.blog.br\/wp\/wp-json\/wp\/v2\/types\/post"}],"author":[{"embeddable":true,"href":"https:\/\/blogdoanchietaalves.blog.br\/wp\/wp-json\/wp\/v2\/users\/1"}],"replies":[{"embeddable":true,"href":"https:\/\/blogdoanchietaalves.blog.br\/wp\/wp-json\/wp\/v2\/comments?post=140"}],"version-history":[{"count":0,"href":"https:\/\/blogdoanchietaalves.blog.br\/wp\/wp-json\/wp\/v2\/posts\/140\/revisions"}],"wp:attachment":[{"href":"https:\/\/blogdoanchietaalves.blog.br\/wp\/wp-json\/wp\/v2\/media?parent=140"}],"wp:term":[{"taxonomy":"category","embeddable":true,"href":"https:\/\/blogdoanchietaalves.blog.br\/wp\/wp-json\/wp\/v2\/categories?post=140"},{"taxonomy":"post_tag","embeddable":true,"href":"https:\/\/blogdoanchietaalves.blog.br\/wp\/wp-json\/wp\/v2\/tags?post=140"}],"curies":[{"name":"wp","href":"https:\/\/api.w.org\/{rel}","templated":true}]}}